{"id":9772,"date":"2020-11-27T16:55:10","date_gmt":"2020-11-27T15:55:10","guid":{"rendered":"http:\/\/www.osservatorioanalitico.com\/?p=9772"},"modified":"2020-11-27T16:55:10","modified_gmt":"2020-11-27T15:55:10","slug":"lintelligence-ai-nostri-giorni-studi-e-ricerche-un-convegno-molto-interessante","status":"publish","type":"post","link":"https:\/\/www.osservatorioanalitico.com\/?p=9772","title":{"rendered":"L&#8217;intelligence ai nostri giorni. Studi e ricerche. Un convegno molto interessante."},"content":{"rendered":"<p><img decoding=\"async\" loading=\"lazy\" class=\"aligncenter size-large wp-image-9719\" src=\"http:\/\/www.osservatorioanalitico.com\/wp-content\/uploads\/2020\/09\/logo_socint_home-1-556x405.jpg\" alt=\"logo_socint_home\" width=\"556\" height=\"405\" srcset=\"https:\/\/www.osservatorioanalitico.com\/wp-content\/uploads\/2020\/09\/logo_socint_home-1-556x405.jpg 556w, https:\/\/www.osservatorioanalitico.com\/wp-content\/uploads\/2020\/09\/logo_socint_home-1-275x200.jpg 275w, https:\/\/www.osservatorioanalitico.com\/wp-content\/uploads\/2020\/09\/logo_socint_home-1-300x219.jpg 300w, https:\/\/www.osservatorioanalitico.com\/wp-content\/uploads\/2020\/09\/logo_socint_home-1.jpg 578w\" sizes=\"(max-width: 556px) 100vw, 556px\" \/><\/p>\n<p style=\"text-align: justify;\">L&#8217; <i>intelligence <\/i> \u00e8 &#8216;conoscenza&#8217; e conoscere \u00e8 alla base del potere. Il concetto di \u2018intelligence\u2019 e di \u2018segreto L&#8217;intelligence ai nostri giorni. Studi e ricerche. Un convegno molto interessante.di stato\u2019, inteso nel passato principalmente come segreto militare per la difesa dello Stato, \u00e8 in continua evoluzione per sfide sempre diverse che vengono poste a chi si deve occupare istituzionalmente di difesa dello stato, sia per nuove tecnologie utilizzate nella raccolta delle informazioni anche se la migliore \u2018tecnologia\u2019 rimane quella della mente umana capace di elaborare i dati, non solo con uno schema tecnologico di parametri fissi configurati, ma con l\u2019intuizione e l\u2019intelligenza versatile propria dell\u2019essere umano selezionato per tale impegno. Indubbiamente l\u2019intelligenza dell\u2019uomo pu\u00f2 avere numerosi impedimenti che possono essere rimossi proprio con l\u2019aiuto delle moderne tecnologie (ad esempio per integrare fra loro la grande mole di notizie che affluiscono e trarne velocemente dei dati sintetici e valutativi) ma quelle non dovrebbero mai riuscire a sovrapporsi alla professionalit\u00e0 di chi le valuta. Gi analisti d\u2019intelligence hanno grandi responsabilit\u00e0 perch\u00e9 passano le loro analisi ai \u2018decisori\u2019 politici che sono gli ultimi responsabili della difesa e della sicurezza di uno Stato. Nel tempo il \u2018nemico\u2019 ha cambiato volto: non \u00e8 pi\u00f9 solo un guerriero sui campi di battaglia ma agisce in diversi settori dando luogo a condizioni e circostanze che mettono in pericolo la stabilit\u00e0 globale, la sicurezza transnazionale, interessi regionali compresi quelli dell\u2019Italia e dei suoi alleati.<\/p>\n<p style=\"text-align: justify;\" align=\"JUSTIFY\">Scriveva Sun Tzu, nel suo <i>L\u2019Arte della Guerra<\/i> probabilmente intorno al 500 a.C. in Cina: <i>\u2026Esistono agenti segreti di cinque tipi: agenti locali, agenti interni, agenti del controspionaggio, agenti letali, e agenti di sicurezza. Quando i cinque tipi di agenti segreti agiscono di comune accordo, ma nessuno conosce l\u2019arte della loro complessiva modalit\u00e0 di impiego, si parla di \u201ctrama organizzativa soprannaturale&#8221;. Essa costituisce il tesoro del principe\u2026<\/i> <i>Soltanto un principe illuminato e un comandante valoroso \u2026 saranno in grado di guidare gli agenti segreti, ricorrendo alla suprema intelligenza, realizzando sicuramente risultati pi\u00f9 eccellenti\u2026<\/i><\/p>\n<p style=\"text-align: justify;\" align=\"JUSTIFY\">Dunque come non ricordare che in tutto il mondo antico l\u2019attivit\u00e0 informativa era assai estesa, connaturata con lo spirito bellico che ha contraddistinto i nostri antenati, nel risolvere le contese con le guerre, pi\u00f9 che con strumenti diplomatici.<\/p>\n<p style=\"text-align: justify;\" align=\"JUSTIFY\">Nel secolo XXI siamo di fronte a nuove sfide, molto complesse, globali, con una tecnologia che se da una parte d\u00e0 un forte aiuto alla &#8216;conoscenza&#8217; dall&#8217;altra \u00e8 anche il punto debole perch\u00e8 la lotta si fa aspra sulla maggiore o minore professionalit\u00e0 di chi le usa, in parole povere: spiare il nemico attraverso il web o il <i>dark web<\/i>.<\/p>\n<p style=\"text-align: justify;\" align=\"JUSTIFY\">Lo studio dell&#8217;intelligence \u00e8 ora materia &#8216;aperta&#8217; anche per preparare i futuri operatori dei Servizi di intelligence, dare loro una formazione concreta prima di averla sul campo: il che certamente non ne fa subito dei provetti agenti ma li prepara a una pi\u00f9 rapida e migliore comprensione del loro attento lavoro di &#8216;conoscenza&#8217; e soprattutto di elaborazione di quanto conosciuto.<\/p>\n<p style=\"text-align: justify;\" align=\"JUSTIFY\">L&#8217;Universit\u00e0 se ne sta facendo carico con corsi o master di vario tipo con docenti di varia estrazione.<\/p>\n<p style=\"text-align: justify;\" align=\"JUSTIFY\">Il primo Master d&#8217;intelligence fu varato nell&#8217;Universit\u00e0 della Calabria e continua con docenti molto preparati che hanno avuto ruoli istituzionali di rilievo.<\/p>\n<p style=\"text-align: justify;\" align=\"JUSTIFY\">Domani 28 novembre si terr\u00e0 l&#8217;inaugurazione del X Master in Intelligence con un interessante convegno su &#8216;Studiare l&#8217;intelligence in Italia: esperienze a confronto&#8217;, dove parleranno delle loro esperienze di insegnamento accademico numerosi professori, molti dei quali titolari di Master o Corsi di formazione.<\/p>\n<p style=\"text-align: justify;\" align=\"JUSTIFY\">Ricordiamo che questo Master fu il primo a essere attivato in Italia nel 2007 grazie al sostegno del Presidente emerito della Repubblica Francesco Cossiga. Sar\u00e0 possibile seguire i lavori dall\u2019indirizzo https:\/\/bit.ly\/2Uz9ULQ. Dopo i saluti istituzionali delle autorit\u00e0 accademiche dell\u2019ateneo calabrese, ci sar\u00e0 l\u2019introduzione del Direttore del Master in Intelligence dell&#8217;Universit\u00e0 della Calabria Mario Caligiuri. Sono quindi previsti gli interventi del Direttore del DIS Gennaro Vecchione e del Presidente del COPASIR Raffaele Volpi. Seguiranno poi le relazioni del Direttore del corso di perfezionamento post laurea in \u201cIntelligence e sicurezza nazionale\u201d dell\u2019Universit\u00e0 di Firenze Luciano Bozzo, del Direttore del Master in \u201cPrevenzione e contrasto alla radicalizzazione, al terrorismo e per le politiche di integrazione e sicurezza internazionale dell\u2019Universit\u00e0 di Bergamo Michele Brunelli, del Direttore Master in \u201cEconomic intelligence\u201d dell\u2019Universit\u00e0 \u201cTorvergata\u201d di Roma Massimo Giannini, del Titolare del corso \u201cIntroduzione al sistema di intelligence italiano\u201d della Scuola Superiore Sant\u2019Anna di Pisa Andrea De Guttry, del Direttore del Master in \u201cCriminologia e diritto penale. Analisi criminale e politiche per la sicurezza urbana&#8221; dell\u2019Universit\u00e0 Federico II di Napoli Giacomo Di Gennaro, del Coordinatore di ITSTIME (Italian Team for Security, Terroristic Issues &amp; Managing Emergencies) dell\u2019Universit\u00e0 Cattolica del Sacro Cuore di Milano Marco Lombardi, del Direttore del Master in \u201cTerrorismo, prevenzione della radicalizzazione e integrazione interreligiosa e interculturale&#8221; dell\u2019Universit\u00e0 \u201cAldo Moro\u201d di Bari Sabrina Martucci; del Direttore del Master in \u201cIntelligence e ICT\u201d dell\u2019Universit\u00e0 di Udine Gian Luca Foresti; del Direttore del Master in \u201cHomeland Security\u201d del Campus Bio-Medico di Roma Roberto Setola; del Direttore del Master in \u201cSecurity e Intelligence\u201d dell\u2019Universit\u00e0 telematica \u201cPegaso\u201d Ernesto Pallotta; del Coordinatore del modulo di intelligence del Master in \u201cSicurezza economica, geopolitica e intelligence\u201d della Societ\u00e0 Italiana per l\u2019Organizzazione Internazionale Massimo Bontempi; del Direttore del Master in \u201cSicurezza delle informazioni e informazione strategica\u201d dell\u2019Universit\u00e0 di Roma \u201cLa Sapienza\u201d Fabrizio D\u2019Amore.<\/p>\n<p align=\"JUSTIFY\">Le conclusioni verranno svolte da Mario Caligiuri che cos\u00ec ha spiegato l\u2019iniziativa: \u201cAbbiamo voluto celebrare il taglio del nastro della decima edizione del percorso formativo avviato all\u2019Universit\u00e0 della Calabria facendo dialogare alcune delle esperienze pi\u00f9 significative degli studi di intelligence del nostro Paese. E\u2019 un\u2019occasione importante per verificare lo stato dell\u2019arte anche al fine di richiedere il riconoscimento scientifico dell\u2019intelligence come materia di studio e di ricerca nelle universit\u00e0 del nostro Paese\u201d. I testi delle relazioni verranno pubblicati nella Collana editoriale del Laboratorio sull\u2019Intelligence del Dipartimento Culture Educazione e Societ\u00e0 dell\u2019Universit\u00e0 della Calabria in collaborazione con la Rubbettino e la Societ\u00e0 Italiana di intelligence.<\/p>\n<p align=\"JUSTIFY\">Sar\u00e0 possibile seguire i lavori dall\u2019indirizzo:<\/p>\n<p align=\"JUSTIFY\">\n","protected":false},"excerpt":{"rendered":"<p>Un convegno sull&#8217;intelligence ia nostri giorni<\/p>\n","protected":false},"author":42,"featured_media":9709,"comment_status":"closed","ping_status":"closed","sticky":false,"template":"","format":"standard","meta":{"jetpack_post_was_ever_published":false,"jetpack_publicize_message":"","jetpack_is_tweetstorm":false,"jetpack_publicize_feature_enabled":true,"jetpack_social_post_already_shared":true,"jetpack_social_options":[]},"categories":[695,694,1516,1515,693],"tags":[4388],"jetpack_publicize_connections":[],"aioseo_notices":[],"jetpack_featured_media_url":"https:\/\/www.osservatorioanalitico.com\/wp-content\/uploads\/2020\/09\/logo_socint_home.jpg","jetpack_shortlink":"https:\/\/wp.me\/p4fe9l-2xC","jetpack_likes_enabled":true,"_links":{"self":[{"href":"https:\/\/www.osservatorioanalitico.com\/index.php?rest_route=\/wp\/v2\/posts\/9772"}],"collection":[{"href":"https:\/\/www.osservatorioanalitico.com\/index.php?rest_route=\/wp\/v2\/posts"}],"about":[{"href":"https:\/\/www.osservatorioanalitico.com\/index.php?rest_route=\/wp\/v2\/types\/post"}],"author":[{"embeddable":true,"href":"https:\/\/www.osservatorioanalitico.com\/index.php?rest_route=\/wp\/v2\/users\/42"}],"replies":[{"embeddable":true,"href":"https:\/\/www.osservatorioanalitico.com\/index.php?rest_route=%2Fwp%2Fv2%2Fcomments&post=9772"}],"version-history":[{"count":4,"href":"https:\/\/www.osservatorioanalitico.com\/index.php?rest_route=\/wp\/v2\/posts\/9772\/revisions"}],"predecessor-version":[{"id":9776,"href":"https:\/\/www.osservatorioanalitico.com\/index.php?rest_route=\/wp\/v2\/posts\/9772\/revisions\/9776"}],"wp:featuredmedia":[{"embeddable":true,"href":"https:\/\/www.osservatorioanalitico.com\/index.php?rest_route=\/wp\/v2\/media\/9709"}],"wp:attachment":[{"href":"https:\/\/www.osservatorioanalitico.com\/index.php?rest_route=%2Fwp%2Fv2%2Fmedia&parent=9772"}],"wp:term":[{"taxonomy":"category","embeddable":true,"href":"https:\/\/www.osservatorioanalitico.com\/index.php?rest_route=%2Fwp%2Fv2%2Fcategories&post=9772"},{"taxonomy":"post_tag","embeddable":true,"href":"https:\/\/www.osservatorioanalitico.com\/index.php?rest_route=%2Fwp%2Fv2%2Ftags&post=9772"}],"curies":[{"name":"wp","href":"https:\/\/api.w.org\/{rel}","templated":true}]}}