{"id":9693,"date":"2020-09-03T09:15:51","date_gmt":"2020-09-03T08:15:51","guid":{"rendered":"http:\/\/www.osservatorioanalitico.com\/?p=9693"},"modified":"2020-09-03T09:15:51","modified_gmt":"2020-09-03T08:15:51","slug":"intelligence-master-delluniversita-della-calabria","status":"publish","type":"post","link":"https:\/\/www.osservatorioanalitico.com\/?p=9693","title":{"rendered":"Intelligence. Master dell&#8217;Universit\u00e0 della Calabria."},"content":{"rendered":"<p><img decoding=\"async\" loading=\"lazy\" class=\"aligncenter wp-image-9695\" src=\"http:\/\/www.osservatorioanalitico.com\/wp-content\/uploads\/2020\/09\/image-20150223-32232-jzgqbf.jpg\" alt=\"image-20150223-32232-jzgqbf\" width=\"580\" height=\"551\" srcset=\"https:\/\/www.osservatorioanalitico.com\/wp-content\/uploads\/2020\/09\/image-20150223-32232-jzgqbf.jpg 926w, https:\/\/www.osservatorioanalitico.com\/wp-content\/uploads\/2020\/09\/image-20150223-32232-jzgqbf-210x200.jpg 210w, https:\/\/www.osservatorioanalitico.com\/wp-content\/uploads\/2020\/09\/image-20150223-32232-jzgqbf-768x730.jpg 768w, https:\/\/www.osservatorioanalitico.com\/wp-content\/uploads\/2020\/09\/image-20150223-32232-jzgqbf-426x405.jpg 426w, https:\/\/www.osservatorioanalitico.com\/wp-content\/uploads\/2020\/09\/image-20150223-32232-jzgqbf-300x285.jpg 300w\" sizes=\"(max-width: 580px) 100vw, 580px\" \/><\/p>\n<p><em>Con piacere questo Osservatorio e il suo Direttore Scientifico segnalano il seguente Master.<\/em><\/p>\n<p style=\"text-align: justify;\">Intelligence, Aperte le iscrizioni al Master dell&#8217;Universit\u00e0 della Calabria, promosso nel 2007 con Francesco Cossiga. <strong>Le domande scadono il 30 ottobre<\/strong>. Lezioni tutte on Line.<\/p>\n<p style=\"text-align: justify;\">Rende (2.9.2020) &#8211; Aperte da oggi le iscrizioni alla decima edizione del Master in Intelligence dell\u2019Universit\u00e0 della Calabria, diretto da <strong>Mario Caligiuri<\/strong>, promosso nel 2007 grazie al sostegno del Presidente Emerito della Repubblica Francesco Cossiga.\u00a0 Per partecipare occorre presentare domanda online sul sito dell\u2019Universit\u00e0 della Calabria all&#8217;indirizzo https:\/\/unical.portaleamministrazionetrasparente.it\/archivio22_bandi-di-concorso_0_6036_874_1.html<\/p>\n<p style=\"text-align: justify;\">Il bando scade il 30 ottobre 2020.<\/p>\n<p style=\"text-align: justify;\">Il master potr\u00e0 essere interamente seguito anche in modalit\u00e0 streaming cio\u00e8 a distanza tramite le piattaforme e-learning interattive dell\u2019ateneo calabrese.<\/p>\n<p style=\"text-align: justify;\">La prima lezione si terr\u00e0 sabato e il percorso formativo si concluder\u00e0 con la discussione della tesi finale a dicembre 2021.<\/p>\n<p style=\"text-align: justify;\">Le lezioni frontali si svolgeranno da novembre 2020 a maggio 2021 nella giornata di sabato dalle ore 8.30 alle ore 17.30 (pausa dalle 12.30 alle 13.30).<\/p>\n<p style=\"text-align: justify;\">Possono presentare domanda laureati del vecchio ordinamento (4 anni) e con la laurea magistrale (5 anni) in qualunque disciplina .<\/p>\n<p style=\"text-align: justify;\">La quota di iscrizione \u00e8 di \u20ac 3.000 (tremila).<\/p>\n<p style=\"text-align: justify;\">Per gli appartenenti alle forze di polizia \u00e8 prevista una riduzione del 30% per cui l\u2019importo \u00e8 \u20ac 2.100.<\/p>\n<p style=\"text-align: justify;\">Sono previste 4 borse di studio da parte dell&#8217;INPS.<\/p>\n<p style=\"text-align: justify;\">Al termine del ciclo delle lezioni, \u00e8 previsto un Laboratorio di Cyber intelligence che si svilupper\u00e0 in 5 giornate consecutive (da luned\u00ec a venerd\u00ec) con lo svolgimento di seminari e laboratori, d\u2019intesa anche con NTT Data e il Dipartimento di Ingegneria Informatica dell\u2019Universit\u00e0 della Calabria.<\/p>\n<p style=\"text-align: justify;\">Inoltre andranno svolte 300 ore di stages in strutture convenzionate che nelle precedenti edizioni si sono tenute presso istituzioni pubbliche e societ\u00e0 private, tra le quali ENI, ENEL, Sky ed NTT Data.<\/p>\n<p style=\"text-align: justify;\">Come in ogni edizione, i docenti saranno professori universitari ed esperti italiani del settore. Nelle edizioni precedenti sono intervenuti, tra gli altri, i ministri Paolo Savona, Giulio Tremonti e Marco Minniti; il presidente della camera dei Deputati Luciano Violante; i Direttori dei Servizi Franco Gabrielli, Vittorio Stelo, Luigi Ramponi e Nicol\u00f2 Pollari; i Direttori delle Scuole dei Servizi Mario Maccono, Maurizio Navarra e Paolo Scotto di Castelbianco; l\u2019agente della CIA Robert Gorelick; i professori Domenico De Masi, Alessandro Barbero, Antonio F. Uricchio,Roberto Baldoni, Alberto De Toni, Evgeny Morozov, Derrick De Kerckhove, Roberto Cingolani, Paolo Benanti, Giorgio Galli, Andrea De Guttry, Antonio Baldassarre, Umberto Gori, Umberto Broccoli e Antonio Teti; i prefetti Carlo Mosca, Marco Valentini e Luigi Varratta; i generali Fabio Mini e Carlo Jean; i giornalisti Lucio Caracciolo, Paolo Messa, Massimo Franco e Andrea Cangini; i magistrati Nicola Gratteri, Rosario Priore, Giuseppe Pignatone, Stefano Dambruoso e Mario Spagnuolo; l&#8217;ambasciatore Michele Valensise; i funzionari dello Stato Roberto Riccardi, Nunzia Ciardi, Alessandro Ferrara, Adriana Piancastelli e Giuseppe Scandone; i dirigenti della sicurezza di multinazionali Alfio Rapisarda e Alberto Accardi.<\/p>\n<p style=\"text-align: justify;\">Per qualunque informazione ci si pu\u00f2 rivolgere al Direttore del Master Mario Caligiuri al cellulare 337 980189 oppure mario.caligiuri@unical.it.<\/p>\n","protected":false},"excerpt":{"rendered":"<p>Intelligence. Master dell&#8217;Universit\u00e0 della Calabria.<\/p>\n","protected":false},"author":42,"featured_media":9695,"comment_status":"closed","ping_status":"closed","sticky":false,"template":"","format":"standard","meta":{"jetpack_post_was_ever_published":false,"jetpack_publicize_message":"","jetpack_is_tweetstorm":false,"jetpack_publicize_feature_enabled":true,"jetpack_social_post_already_shared":true,"jetpack_social_options":[]},"categories":[695,1516,693],"tags":[4367],"jetpack_publicize_connections":[],"aioseo_notices":[],"jetpack_featured_media_url":"https:\/\/www.osservatorioanalitico.com\/wp-content\/uploads\/2020\/09\/image-20150223-32232-jzgqbf.jpg","jetpack_shortlink":"https:\/\/wp.me\/p4fe9l-2wl","jetpack_likes_enabled":true,"_links":{"self":[{"href":"https:\/\/www.osservatorioanalitico.com\/index.php?rest_route=\/wp\/v2\/posts\/9693"}],"collection":[{"href":"https:\/\/www.osservatorioanalitico.com\/index.php?rest_route=\/wp\/v2\/posts"}],"about":[{"href":"https:\/\/www.osservatorioanalitico.com\/index.php?rest_route=\/wp\/v2\/types\/post"}],"author":[{"embeddable":true,"href":"https:\/\/www.osservatorioanalitico.com\/index.php?rest_route=\/wp\/v2\/users\/42"}],"replies":[{"embeddable":true,"href":"https:\/\/www.osservatorioanalitico.com\/index.php?rest_route=%2Fwp%2Fv2%2Fcomments&post=9693"}],"version-history":[{"count":3,"href":"https:\/\/www.osservatorioanalitico.com\/index.php?rest_route=\/wp\/v2\/posts\/9693\/revisions"}],"predecessor-version":[{"id":9697,"href":"https:\/\/www.osservatorioanalitico.com\/index.php?rest_route=\/wp\/v2\/posts\/9693\/revisions\/9697"}],"wp:featuredmedia":[{"embeddable":true,"href":"https:\/\/www.osservatorioanalitico.com\/index.php?rest_route=\/wp\/v2\/media\/9695"}],"wp:attachment":[{"href":"https:\/\/www.osservatorioanalitico.com\/index.php?rest_route=%2Fwp%2Fv2%2Fmedia&parent=9693"}],"wp:term":[{"taxonomy":"category","embeddable":true,"href":"https:\/\/www.osservatorioanalitico.com\/index.php?rest_route=%2Fwp%2Fv2%2Fcategories&post=9693"},{"taxonomy":"post_tag","embeddable":true,"href":"https:\/\/www.osservatorioanalitico.com\/index.php?rest_route=%2Fwp%2Fv2%2Ftags&post=9693"}],"curies":[{"name":"wp","href":"https:\/\/api.w.org\/{rel}","templated":true}]}}