{"id":9542,"date":"2020-04-22T16:38:27","date_gmt":"2020-04-22T15:38:27","guid":{"rendered":"http:\/\/www.osservatorioanalitico.com\/?p=9542"},"modified":"2020-04-22T16:38:27","modified_gmt":"2020-04-22T15:38:27","slug":"uno-sguardo-sulla-situazione-in-italia-e-proposte-per-il-futuro-intelligence","status":"publish","type":"post","link":"https:\/\/www.osservatorioanalitico.com\/?p=9542","title":{"rendered":"Uno sguardo sulla situazione in Italia e proposte per il futuro. Intelligence."},"content":{"rendered":"<p><img decoding=\"async\" loading=\"lazy\" class=\"aligncenter size-large wp-image-9543\" src=\"http:\/\/www.osservatorioanalitico.com\/wp-content\/uploads\/2020\/04\/Senza-titolo-580x386.png\" alt=\"Senza titolo\" width=\"580\" height=\"386\" srcset=\"https:\/\/www.osservatorioanalitico.com\/wp-content\/uploads\/2020\/04\/Senza-titolo-580x386.png 580w, https:\/\/www.osservatorioanalitico.com\/wp-content\/uploads\/2020\/04\/Senza-titolo-280x186.png 280w, https:\/\/www.osservatorioanalitico.com\/wp-content\/uploads\/2020\/04\/Senza-titolo-768x511.png 768w, https:\/\/www.osservatorioanalitico.com\/wp-content\/uploads\/2020\/04\/Senza-titolo-300x200.png 300w, https:\/\/www.osservatorioanalitico.com\/wp-content\/uploads\/2020\/04\/Senza-titolo.png 804w\" sizes=\"(max-width: 580px) 100vw, 580px\" \/><\/p>\n<p>&nbsp;<\/p>\n<p style=\"text-align: justify;\">La <em>Societ\u00e0 Italiana di Intelligence (Socint)<\/em>, presieduta dal professor Mario Caligiuri dell\u2019Universit\u00e0 di Calabria, ha realizzato un interessante studio, prodotto da diversi autori, con analisi di intelligence e proposte concrete per una linea di governo sul post pandemia, relativa a un ristretto arco di tempo che va dall\u2019aprile 2020 all\u2019aprile 2021, essenziale per una ripresa duratura allo scopo di uscire dalle gravi difficolt\u00e0 che in questo momento si prospettano. Il tempo \u00e8 scarso e bisogna agire immediatamente avendo chiaro il programma da svolgere in vari settori. Sempre che i pletorici Comitati governativi pensino a un dopo a breve e medio termine e siano in grado di farlo.<\/p>\n<p style=\"text-align: justify;\">Lo studio si compone di varie parti che analizzano la ricaduta politica, militare, economica, industriale e scientifica di questo periodo difficile per la storia europea e italiana. Correda lo studio una nutrita selezione di fonti molto interessanti che danno una solida validit\u00e0 scientifica al contributo. Da segnalare che ogni saggio propone anche delle interessanti note a corredo del testo.<\/p>\n<p style=\"text-align: justify;\">E\u2019 da notare, come scritto nelle conclusioni, che \u00e8 stato molto analizzato in particolare quell\u2019aspetto del disagio sociale che viene da lontano e questa criticit\u00e0 contribuisce indubbiamente a quella che \u00e8 chiamata <em>l\u2019erosione del ceto medio e a una divaricazione pi\u00f9 severa tra ricchi e poveri<\/em> evidente. \u00a0Quotidianamente si nota questo aumento esponenziale del disagio sociale, ovviamente di grande interesse per la criminalit\u00e0 organizzata che vi trova un ampio bacino di nuovo reclutamento. Le difficolt\u00e0 economiche della piccola e media impresa sono possibilit\u00e0 offerte alla stessa criminalit\u00e0, che dispone, come noto, di molta liquidit\u00e0 finanziaria, di impossessarsi ulteriormente di attivit\u00e0 per un ottimale riciclo del denaro ottenuto, sia con lo spaccio di droga sia con la gestione della vasta illegale immigrazione che l\u2019Italia ha avuto e continua ad avere, anche se in modo ridotto, in questo periodo di emergenza sanitaria.<\/p>\n<p style=\"text-align: justify;\">Lo studio ha anche rilevato una progressiva disaffezione a quella che \u00e8 l\u2019Unione Europea. Molto probabilmente in questo momento una parte importante degli italiani vorrebbe poter esprimere una volont\u00e0 di uscita dall\u2019Unione Europea, non ricordando peraltro che, trattandosi di politica internazionale validata da accordi multilaterali e approvata in Parlamento, non \u00e8 possibile un referendum se non puramente consultivo, sulla possibilit\u00e0 di una <em>Italexi<\/em>t cos\u00ec come una uscita dalla moneta comune euro. Sempre ammesso che una simile uscita rappresenti la cura migliore per una Italia che non sembra avere idee chiare per il futuro prossimo\u2026<\/p>\n<p style=\"text-align: justify;\">Risulta altres\u00ec molto evidente che, se non si avranno delle riduzioni sia dei costi della politica sia di reale snellimento dell\u2019apparato burocratico, non sar\u00e0 possibile procedere a riequilibrare quello che nello studio \u00e8 chiaramente segnalato come un divario non solo tra le classi sociali ma soprattutto tra i politici, e i grand commis di Stato, e i cittadini, tra i quali sembra ormai non esserci pi\u00f9 comprensione e, meno che mai, dialogo. \u00a0I governanti legiferano e dispongono, ormai non pi\u00f9 rispettando la vigente Costituzione e quella che tutti coloro che hanno studiato un minimo di diritto conoscono come la \u2018gerarchia delle fonti\u2019. Bisogna indubbiamente avviare dei cambiamenti; quelli che lo studio chiama <em>cambiamenti di paradigma<\/em> che saranno imposti dalla situazione attuale\u2026 altrimenti il forte rischio \u00e8 quello di un sovvertimento dell\u2019ordine pubblico, pi\u00f9 o meno dichiarato.<\/p>\n<p style=\"text-align: justify;\">Nell\u2019analisi geopolitica che \u00e8 stata fatta nello studio, risulta chiaro che occorre avere una politica estera pi\u00f9 definita, <em>un pi\u00f9 chiaro posizionamento italiano rispetto alle alleanze internazionali tenendo come punto di riferimento l\u2019interesse nazionale.<\/em><\/p>\n<p style=\"text-align: justify;\">Proprio in questi giorni, con la proposta di una app di tracciamento da scaricare sui cellulari, si \u00e8 rafforzata la discussione sulla protezione del dominio Cyber anche in vista di una prevenzione e mappatura dell\u2019attuale minaccia virologica e di possibili ulteriori minacce di questo tipo, considerato che tutti gli esperti mettono in guardia dal fatto che questa pandemia pu\u00f2 riprendere vigore e che ne possono arrivare altre, anche sconosciute. La polemica che si \u00e8 sviluppata in questi giorni rispetto alla sicurezza dei dati e delle infrastrutture digitali, in particolare per quanto riguarda le strutture sanitarie e i dati relativi alla salute dei singoli, fa comprendere come sia un argomento molto dibattuto e poco risolto in Italia mentre vi \u00e8 la necessit\u00e0 di rafforzare quella sicurezza, importante in molti settori strategici e economici, diventando un interesse nazionale preminente e prioritario.<\/p>\n<p style=\"text-align: justify;\">Quindi in campo sociale, economico, militare, scientifico, sanitario occorre una attenta monitorizzazione dei problemi e una intelligence a 360\u00b0 per poter rispondere con sicurezza, almeno una certa sicurezza, alle sfide che i prossimi dodici mesi porranno a chi governa l\u2019Italia e non solo. Anche l\u2019Europa deve trovare il modo di convivere con questi problemi internazionali che la riguardano in primis rispetto ai singoli Stati ma che alla fine riguardano l\u2019Europa tutta come continente che sta perdendo (o ha gi\u00e0 perduto!), la sua forza di traino rispetto alla politica globale internazionale. \u00c8 indubbio che l\u2019intelligence di una volta, che era principalmente militare, ora debba strutturarsi ancora meglio nei nuovi settori di indagine con specialisti formati nei singoli settori, oltre a quelli professionalmente molto validi, gi\u00e0 presenti nelle istituzioni preposte.<\/p>\n<p style=\"text-align: justify;\"><em>Per gentile concessione del prof. Caligiuri che OA ringrazia, nei prossimi giorni pubblicheremo\u2026a puntate\u2026l\u2019intero studio gi\u00e0 presentato nelle sedi competenti. OA formula l\u2019auspicio che venga preso in seria considerazione da chi di dovere\u2026<\/em><\/p>\n<p style=\"text-align: center;\">Analisi di Intelligence e Proposte di Policy<\/p>\n<p style=\"text-align: center;\">sul Post-Pandemia COVID-19<\/p>\n<p style=\"text-align: center;\">(aprile 2020 \u2013 aprile 2021)<\/p>\n<p style=\"text-align: center;\">SOCINT &#8211; Societ\u00e0 Italiana di Intelligence (www.socint.org)<\/p>\n<p style=\"text-align: center;\">Laboratorio sull\u2019Intelligence dell\u2019Universit\u00e0 della Calabria (www.intelligencelab.org)<\/p>\n<p><em>a cura di Mario Caligiuri<\/em><\/p>\n<p>Mario Caligiuri (Ricaduta Politica \u2013 Ricaduta Militare \u2013 Il Problema Pedagogico), Roberto Macheda (Ricaduta Economica), Francesco Napoli (Ricaduta Industriale &#8211; Piccola e Media Impresa), Luigi Barberio (Ricaduta Economica &#8211; Ricaduta Industriale), Luigi Rucco (Ricaduta Scientifica \u2013 Il Problema Pedagogico).<\/p>\n<p>\u00a9<a href=\"http:\/\/www.osservatorioanalitico.com\/\">www.osservatorioanalitico.com<\/a> \u2013 Riproduzione riservata<\/p>\n<p><em>\u00a0<\/em><\/p>\n<p><em>\u00a0<\/em><\/p>\n<p><em>\u00a0<\/em><\/p>\n","protected":false},"excerpt":{"rendered":"<p>Analisi puntuale della situazione italiana durante e dopo l&#8217;epidemia di Covid 19 e proposte per un futuro prossimo.<\/p>\n","protected":false},"author":42,"featured_media":9543,"comment_status":"closed","ping_status":"closed","sticky":false,"template":"","format":"standard","meta":{"jetpack_post_was_ever_published":false,"jetpack_publicize_message":"","jetpack_is_tweetstorm":false,"jetpack_publicize_feature_enabled":true,"jetpack_social_post_already_shared":true,"jetpack_social_options":[]},"categories":[692,1516,418,696,689],"tags":[4313],"jetpack_publicize_connections":[],"aioseo_notices":[],"jetpack_featured_media_url":"https:\/\/www.osservatorioanalitico.com\/wp-content\/uploads\/2020\/04\/Senza-titolo.png","jetpack_shortlink":"https:\/\/wp.me\/p4fe9l-2tU","jetpack_likes_enabled":true,"_links":{"self":[{"href":"https:\/\/www.osservatorioanalitico.com\/index.php?rest_route=\/wp\/v2\/posts\/9542"}],"collection":[{"href":"https:\/\/www.osservatorioanalitico.com\/index.php?rest_route=\/wp\/v2\/posts"}],"about":[{"href":"https:\/\/www.osservatorioanalitico.com\/index.php?rest_route=\/wp\/v2\/types\/post"}],"author":[{"embeddable":true,"href":"https:\/\/www.osservatorioanalitico.com\/index.php?rest_route=\/wp\/v2\/users\/42"}],"replies":[{"embeddable":true,"href":"https:\/\/www.osservatorioanalitico.com\/index.php?rest_route=%2Fwp%2Fv2%2Fcomments&post=9542"}],"version-history":[{"count":4,"href":"https:\/\/www.osservatorioanalitico.com\/index.php?rest_route=\/wp\/v2\/posts\/9542\/revisions"}],"predecessor-version":[{"id":9547,"href":"https:\/\/www.osservatorioanalitico.com\/index.php?rest_route=\/wp\/v2\/posts\/9542\/revisions\/9547"}],"wp:featuredmedia":[{"embeddable":true,"href":"https:\/\/www.osservatorioanalitico.com\/index.php?rest_route=\/wp\/v2\/media\/9543"}],"wp:attachment":[{"href":"https:\/\/www.osservatorioanalitico.com\/index.php?rest_route=%2Fwp%2Fv2%2Fmedia&parent=9542"}],"wp:term":[{"taxonomy":"category","embeddable":true,"href":"https:\/\/www.osservatorioanalitico.com\/index.php?rest_route=%2Fwp%2Fv2%2Fcategories&post=9542"},{"taxonomy":"post_tag","embeddable":true,"href":"https:\/\/www.osservatorioanalitico.com\/index.php?rest_route=%2Fwp%2Fv2%2Ftags&post=9542"}],"curies":[{"name":"wp","href":"https:\/\/api.w.org\/{rel}","templated":true}]}}