{"id":9505,"date":"2020-01-18T18:34:40","date_gmt":"2020-01-18T17:34:40","guid":{"rendered":"http:\/\/www.osservatorioanalitico.com\/?p=9505"},"modified":"2020-01-18T18:34:40","modified_gmt":"2020-01-18T17:34:40","slug":"40-giorni-da-in-iran-che-succedera","status":"publish","type":"post","link":"https:\/\/www.osservatorioanalitico.com\/?p=9505","title":{"rendered":"40 giorni da&#8230;in Iran. Che succeder\u00e0?"},"content":{"rendered":"<div id=\"attachment_9506\" style=\"width: 590px\" class=\"wp-caption aligncenter\"><img aria-describedby=\"caption-attachment-9506\" decoding=\"async\" loading=\"lazy\" class=\"size-large wp-image-9506\" src=\"http:\/\/www.osservatorioanalitico.com\/wp-content\/uploads\/2020\/01\/1586589480434-580x363.jpg\" alt=\"IL presidente dell'Iran Rohani\" width=\"580\" height=\"363\" srcset=\"https:\/\/www.osservatorioanalitico.com\/wp-content\/uploads\/2020\/01\/1586589480434-580x363.jpg 580w, https:\/\/www.osservatorioanalitico.com\/wp-content\/uploads\/2020\/01\/1586589480434-280x175.jpg 280w, https:\/\/www.osservatorioanalitico.com\/wp-content\/uploads\/2020\/01\/1586589480434-768x480.jpg 768w, https:\/\/www.osservatorioanalitico.com\/wp-content\/uploads\/2020\/01\/1586589480434-300x188.jpg 300w, https:\/\/www.osservatorioanalitico.com\/wp-content\/uploads\/2020\/01\/1586589480434.jpg 800w\" sizes=\"(max-width: 580px) 100vw, 580px\" \/><p id=\"caption-attachment-9506\" class=\"wp-caption-text\">IL presidente dell&#8217;Iran Rohani<\/p><\/div>\n<p style=\"text-align: justify;\">La situazione in Iran \u00e8 confusa e esplosiva. Per l&#8217;uccisione del generale Suleimani le folle hanno invaso le strade a centinaia di migliaia tanto avere anche 70 morti per la ressa che si era generata. Sembrava dunque che il popolo si fosse ricompattato intorno ai governanti.<\/p>\n<p style=\"text-align: justify;\">Due giorni dopo cade un aereo per un &#8216;imperdonabile errore&#8217; umano con 176 morti (di cui la maggior parte iraniana), e ritornano le manifestazioni di piazza, quasi come ai tempi del 1978\/79, contro il regime al potere.<\/p>\n<p style=\"text-align: justify;\">I <i>pasdaran<\/i> reagiscono e soprattutto tornano a contenere la folla i <i>basiji, <\/i>fondati nel 1979 dal Padre della Patria, Ruhollah Khomeini, piuttosto decisi, per non dire pericolosamente violenti, nel reprimere le manifestazioni che non piacciono e i nemici del regime Si hanno notizie solo di una donna ferita perch\u00e9 l&#8217;informazione ufficiale sostiene che sono stati sparati solo proiettili inoffensivi.<\/p>\n<p style=\"text-align: justify;\">E&#8217; da ricordare che sicuramente le manifestazioni non sono finite. Per comprendere quale sar\u00e0 la portata delle stesse e il loro impatto sul regime, bisogna attendere i fatidici 40 giorni dalla morte del generale e da quella della caduta dell&#8217;aereo. Dopo 40 giorni si celebra il ricordo del morto, quasi un secondo funerale. Nel 1978, durante le manifestazioni contro lo Shah vi furono numerosi morti e allo scoccare dei 40 giorni passati, erano indette manifestazioni sempre pi\u00f9 forti con caduti sul campo. Fu quasi tutto un anno in cui queste celebrazioni si rincorrevano; a un certo punto, quasi quotidianamente, visti i morti giornalieri negli scontri con la polizia e l&#8217;esercito durante le proteste contro la Monarchia.<\/p>\n<p style=\"text-align: justify;\">Il punto di svolta critico fu l&#8217;incendio del cinema Rex di Abadan, a fine agosto 1978, con circa 400 vittime. La voce popolare, circolata nelle moschee e fuori, fu che il cinema era stato incendiato a arte da emissari del governo affinch\u00e9 si potessero perseguire duramente i manifestanti e far cessare le rivolte.<\/p>\n<p style=\"text-align: justify;\">L&#8217;8 settembre 1978 in Meidan-e-Jaleh a Teheran ci fu una violenta manifestazione al termine della quale fu imposto il coprifuoco anche nella capitale. A Shiraz, Isfahan, Abadan era gi\u00e0 in vigore. L\u00ec inizi\u00f2 la fine della storia dei Pahlavi al potere.<\/p>\n<p style=\"text-align: justify;\">Ricordando questi fatti, occorre tentare di prevedere cosa pu\u00f2 accadere dopo i 40 giorni. Manifestazioni pi\u00f9 violente contro il regime? Pro il regime contro l&#8217;America? Con una certa preoccupazione e emozione ho visto in televisione le folle gridare con il braccio alzato a pugno &#8216;morte all&#8217;America&#8217;&#8230;ricordando che allo stesso modo si gridava 40 anni fa &#8216;Morte allo Shah&#8217;, per le strade dove camminavo.<\/p>\n<p style=\"text-align: justify;\">Da tempo l&#8217;Ayatollah Khamenei, Guida Suprema non aveva condotto la preghiera del Venerd\u00ec e non si era espresso in modo cos\u00ec duro contro gli USA. Lasciamo stare la parola &#8216;pagliaccio&#8217; rivolta al Presidente Trump: fa parte del folklore&#8230;.mi si lasci dire.<\/p>\n<p style=\"text-align: justify;\">Il fatto che abbia incitato le masse presenti contro i &#8216;diavoli&#8217; americani \u00e8 indicativo della chiara intenzione di voler a tutti i costi convogliare la rabbia e il dissenso contro il nemico esterno, cambiando o sperando di cambiare obiettivo delle manifestazioni&#8230;ma non credo che questo sar\u00e0 possibile. Ritengo che vedremo altre violenze a breve.<\/p>\n<p style=\"text-align: justify;\">Una domanda s&#8217;impone: ma se il regime cade, obiettivo al quale stanno probabilmente lavorando gli americani, chi intendono mettere al loro posto? Un Pahlavi? Non credo anche se lo Shah in pectore c&#8217;\u00e8: Kurosh (Ciro, il figlio del defunto detronizzato Mohamed Reza), da anni residente in USA.<\/p>\n<p style=\"text-align: justify;\">Elementi da trarre dall&#8217;intelligenzia locale, dalle classi medie; in quale bacino trovare amici dell&#8217;Occidente di livello e che conoscano gli attuali problemi di un vasto e variegato Paese come \u00e8 l&#8217;Iran? Importarli da fuori, come fu fatto per il dopo Shah? Con i risultati che sono davanti ai nostri occhi? Gli Stati Uniti e altri Paesi occidentali hanno molto sottovalutato il periodo successivo ai rivolgimenti interni di uno stato mediorientale, sbagliando clamorosamente le previsioni. Esattamente come \u00e8 successo in Iran e in Libia.<\/p>\n<p style=\"text-align: justify;\">Per il nucleare&#8230;meglio che non abbiano questa arma&#8230;e comunque aver inviato contro un aereo civile in uscita dallo spazio aereo iraniano ben due missili per errore, convince molto poco chi scrive&#8230;trenta persone sarebbero state arrestate per questo &#8216;errore&#8217; e rischiano di essere giustiziati.<\/p>\n<p style=\"text-align: justify;\">Se cos\u00ec fosse, effettivamente sarebbe opportuno che non avessero l&#8217;arma nucleare, come sostiene da tempo Trump. Attenzione per\u00f2 a far cadere ora il regime degli Ayatollah se non vi \u00e8 un piano sicuro di ricostruzione politica e sociale.<\/p>\n<p style=\"text-align: justify;\" align=\"JUSTIFY\">\u00a9<a href=\"http:\/\/www.osservatorioanalitico.com\/\"><span style=\"color: #0064c7;\"><span style=\"font-family: Arial, serif;\"><span style=\"font-size: small;\">www.osservatorioanalitico.com<\/span><\/span><\/span><\/a><span style=\"font-family: Arial, serif;\"><span style=\"font-size: small;\"> \u2013 Riproduzione riservata<\/span><\/span><\/p>\n","protected":false},"excerpt":{"rendered":"<p>A 40 giorni dalla Morte di Suleimani e dei passeggeri dell&#8217;aereo ucraino, le manifestazioni riprenderanno pi\u00f9 violente?<\/p>\n","protected":false},"author":42,"featured_media":9506,"comment_status":"closed","ping_status":"closed","sticky":false,"template":"","format":"standard","meta":{"jetpack_post_was_ever_published":false,"jetpack_publicize_message":"","jetpack_is_tweetstorm":false,"jetpack_publicize_feature_enabled":true,"jetpack_social_post_already_shared":true,"jetpack_social_options":[]},"categories":[1284,1291,1273],"tags":[4299,4300],"jetpack_publicize_connections":[],"aioseo_notices":[],"jetpack_featured_media_url":"https:\/\/www.osservatorioanalitico.com\/wp-content\/uploads\/2020\/01\/1586589480434.jpg","jetpack_shortlink":"https:\/\/wp.me\/p4fe9l-2tj","jetpack_likes_enabled":true,"_links":{"self":[{"href":"https:\/\/www.osservatorioanalitico.com\/index.php?rest_route=\/wp\/v2\/posts\/9505"}],"collection":[{"href":"https:\/\/www.osservatorioanalitico.com\/index.php?rest_route=\/wp\/v2\/posts"}],"about":[{"href":"https:\/\/www.osservatorioanalitico.com\/index.php?rest_route=\/wp\/v2\/types\/post"}],"author":[{"embeddable":true,"href":"https:\/\/www.osservatorioanalitico.com\/index.php?rest_route=\/wp\/v2\/users\/42"}],"replies":[{"embeddable":true,"href":"https:\/\/www.osservatorioanalitico.com\/index.php?rest_route=%2Fwp%2Fv2%2Fcomments&post=9505"}],"version-history":[{"count":1,"href":"https:\/\/www.osservatorioanalitico.com\/index.php?rest_route=\/wp\/v2\/posts\/9505\/revisions"}],"predecessor-version":[{"id":9507,"href":"https:\/\/www.osservatorioanalitico.com\/index.php?rest_route=\/wp\/v2\/posts\/9505\/revisions\/9507"}],"wp:featuredmedia":[{"embeddable":true,"href":"https:\/\/www.osservatorioanalitico.com\/index.php?rest_route=\/wp\/v2\/media\/9506"}],"wp:attachment":[{"href":"https:\/\/www.osservatorioanalitico.com\/index.php?rest_route=%2Fwp%2Fv2%2Fmedia&parent=9505"}],"wp:term":[{"taxonomy":"category","embeddable":true,"href":"https:\/\/www.osservatorioanalitico.com\/index.php?rest_route=%2Fwp%2Fv2%2Fcategories&post=9505"},{"taxonomy":"post_tag","embeddable":true,"href":"https:\/\/www.osservatorioanalitico.com\/index.php?rest_route=%2Fwp%2Fv2%2Ftags&post=9505"}],"curies":[{"name":"wp","href":"https:\/\/api.w.org\/{rel}","templated":true}]}}