{"id":9210,"date":"2019-03-12T15:26:37","date_gmt":"2019-03-12T14:26:37","guid":{"rendered":"http:\/\/www.osservatorioanalitico.com\/?p=9210"},"modified":"2019-03-12T15:26:37","modified_gmt":"2019-03-12T14:26:37","slug":"political-warfare-e-sicurezza-nazionale","status":"publish","type":"post","link":"https:\/\/www.osservatorioanalitico.com\/?p=9210","title":{"rendered":"POLITICAL WARFARE E SICUREZZA NAZIONALE"},"content":{"rendered":"<p><strong><img decoding=\"async\" loading=\"lazy\" class=\"aligncenter size-large wp-image-9214\" src=\"http:\/\/www.osservatorioanalitico.com\/wp-content\/uploads\/2019\/03\/ciobulletin-cyberwar-opinion-580x345.jpg\" alt=\"ciobulletin-cyberwar-opinion\" width=\"580\" height=\"345\" srcset=\"https:\/\/www.osservatorioanalitico.com\/wp-content\/uploads\/2019\/03\/ciobulletin-cyberwar-opinion-580x345.jpg 580w, https:\/\/www.osservatorioanalitico.com\/wp-content\/uploads\/2019\/03\/ciobulletin-cyberwar-opinion-280x166.jpg 280w, https:\/\/www.osservatorioanalitico.com\/wp-content\/uploads\/2019\/03\/ciobulletin-cyberwar-opinion-768x456.jpg 768w, https:\/\/www.osservatorioanalitico.com\/wp-content\/uploads\/2019\/03\/ciobulletin-cyberwar-opinion-300x178.jpg 300w, https:\/\/www.osservatorioanalitico.com\/wp-content\/uploads\/2019\/03\/ciobulletin-cyberwar-opinion.jpg 840w\" sizes=\"(max-width: 580px) 100vw, 580px\" \/>\u00a0<\/strong><\/p>\n<p style=\"text-align: justify;\"><em>Come sempre segnalo con piacere anche questo Corso organizzato dall\u2019Istituto Gino Germani che vanta una lunga tradizione in organizzazione di Corsi su argomenti di attualit\u00e0 e molto complessi.<\/em><\/p>\n<p style=\"text-align: justify;\"><em>Il Direttore scientifico: Maria Gabriella Pasqualini<\/em><\/p>\n<p style=\"text-align: center;\"><strong>POLITICAL WARFARE E SICUREZZA NAZIONALE<\/strong><\/p>\n<p style=\"text-align: center;\"><strong>LA NUOVA INTELLIGENCE NELL\u2019 ERA DELLE MINACCE IBRIDE<\/strong><\/p>\n<p><strong>\u00a0\u00a0\u00a0\u00a0\u00a0\u00a0\u00a0\u00a0\u00a0\u00a0\u00a0\u00a0\u00a0\u00a0<\/strong><strong>\u00a0<\/strong><strong>\u00a0 \u00a0 \u00a0 \u00a0 \u00a0 \u00a0 \u00a0 \u00a0 \u00a0 \u00a0 \u00a0 \u00a0 \u00a0 \u00a0 \u00a0 \u00a0 \u00a0 \u00a0 \u00a0 \u00a0 \u00a0 \u00a0 \u00a0 \u00a0 \u00a0 \u00a0 \u00a0 \u00a0 \u00a0 \u00a0 \u00a0 \u00a0 \u00a0 \u00a0 Roma, 5-6 aprile e 12-13 aprile 2019\u00a0<\/strong><strong>\u00a0<\/strong><\/p>\n<p style=\"text-align: center;\"><strong>Societ\u00e0 Geografica Italiana &#8211; Palazzetto Mattei in Villa Celimontana<\/strong><\/p>\n<p style=\"text-align: center;\"><strong>Via della Navicella, 12 &#8211; Roma<\/strong><\/p>\n<p style=\"text-align: center;\">Per informazioni e richieste di partecipazione si prega di contattare:<\/p>\n<p style=\"text-align: center;\"><strong>fondazionegermani@gmail.com<\/strong><\/p>\n<p>\u00a0L\u2019Istituto Gino Germani di Scienze Sociali e Studi Strategici e la Societ\u00e0 Geografica Italiana organizzano, per la prima volta in Italia, un corso di alta formazione dedicato al tema\u00a0<strong>\u201cPolitical Warfare e Sicurezza Nazionale: La nuova intelligence nell\u2019era delle minacce ibride<\/strong>\u201d, con la partecipazione di autorevoli esperti italiani e stranieri. Il corso si svolger\u00e0 il 5-6 aprile e il 12-13 aprile presso la sede della Societ\u00e0 Geografica Italiana [Palazzetto Mattei in Villa Celimontana, Via della Navicella, 12 \u2013 Roma].<\/p>\n<p>La presentazione completa e il programma del corso pu\u00f2 essere scaricata dal link seguente:\u00a0\u00a0<strong><a href=\"http:\/\/fondazionegermani.org\/wp-content\/uploads\/2019\/03\/Programma-del-Corso-di-alta-formazione-POLITICAL-WARFARE-e-SICUREZZA-NAZIONALE.pdf\">http:\/\/fondazionegermani.org\/wp-content\/uploads\/2019\/03\/Programma-del-Corso-di-alta-formazione-POLITICAL-WARFARE-e-SICUREZZA-NAZIONALE.pdf<\/a><\/strong><\/p>\n<p><strong>\u00a0<\/strong><strong>1] CALENDARIO DEL CORSO\u00a0<\/strong><\/p>\n<p><strong>Venerd\u00ec\u00a0<\/strong><strong>\u00a0<\/strong><strong>5 aprile 2019 (ore 9:00-13:30)<\/strong><\/p>\n<ul>\n<li><strong><em>Introduzione al corso. Che cos\u2019\u00e8 la guerra politica [guerra ibrida] e perch\u00e9 costituisce una minaccia?<\/em><\/strong><\/li>\n<\/ul>\n<p>Luigi Sergio Germani\u00a0[Direttore dell\u2019Istituto Gino Germani di Scienze Sociali e Studi Strategici e responsabile scientifico del corso].<\/p>\n<ul>\n<li><strong><em>Cyber-enabled information warfare: un nuovo strumento di destabilizzazione delle democrazie occidentali.<\/em><\/strong><\/li>\n<\/ul>\n<p>Giulio Terzi di Sant\u2019Agata\u00a0[Presidente del Comitato Globale per lo Stato di Diritto\u00a0\u00a0\u201cMarco Pannella\u201d, gi\u00e0 Ministro degli Esteri].\u00a0<strong><em>\u00a0<\/em><\/strong><\/p>\n<ul>\n<li><strong><em>Guerra politica e social media:\u00a0<\/em><\/strong><strong><em>\u00a0<\/em><\/strong><strong><em>nuove tecniche di influenza e manipolazione. Il ruolo dell\u2019intelligenza artificiale.<\/em><\/strong><\/li>\n<\/ul>\n<p>Antonio Scala\u00a0[ricercatore presso l\u2019Istituto dei Sistemi Complessi, Consiglio Nazionale delle Ricerche];\u00a0Luca Alagna\u00a0[Consulente di Comunicazione Strategica e Marketing Digitale].<\/p>\n<p><strong>Venerd\u00ec 5 aprile 2019 (ore 14:30-18:30)<\/strong><\/p>\n<ul>\n<li><strong><em>Gestione delle crisi: l\u2019approccio interministeriale nel contesto delle organizzazioni internazionali.<\/em><\/strong><\/li>\n<\/ul>\n<p>Luca Baione [Consigliere Militare Vicario del Presidente del Consiglio].<\/p>\n<ul>\n<li><strong><em>Sicurezza pubblica: pianificazione di emergenza nel contrasto alle minacce<\/em><\/strong><strong><em>\u00a0<\/em><\/strong><strong><em>ibride.<\/em><\/strong><strong><em>\u00a0<\/em><\/strong><\/li>\n<\/ul>\n<p>Vincenzo Trombadore [Dirigente della Polizia di Stato, Segreteria del Dipartimento di Pubblica Sicurezza].<\/p>\n<ul>\n<li><strong><em>L\u2019impatto politico-strategico globale delle minacce ibride: implicazioni per le politiche di sicurezza nazionale e transatlantica.<\/em><\/strong><\/li>\n<\/ul>\n<p>Fabio Rugge [Capo Ufficio IV &#8211; Alleanza Atlantica e questioni\u00a0strategiche di sicurezza e politico-militari, Ministero degli Affari Esteri].<\/p>\n<ul>\n<li><strong><em>Il NISP [Nucleo Interministeriale Situazione e Pianificazione]: origini, funzioni e prospettive future nell\u2019era delle minacce ibride<\/em><\/strong><em>.<\/em><\/li>\n<\/ul>\n<p>Mario Liotta\u00a0[gi\u00e0\u00a0Coordinatore del Sistema Nazionale di Gestione delle Crisi e Capo Ufficio Politica Militare dell&#8217;Ufficio del Consigliere Militare del Presidente del Consiglio].<\/p>\n<p><strong>Sabato 6 aprile 2019 (ore 9:00-13:30)<\/strong><\/p>\n<ul>\n<li><strong><em>Attacco alla mente: tattiche psicologiche per le strategie di guerra ibrida.<\/em><\/strong><\/li>\n<\/ul>\n<p>Marco Cannavicci\u00a0[psichiatra forense ed esperto di intelligence e sicurezza].<\/p>\n<ul>\n<li><strong><em>Divide et Impera: la strategia russa di guerra politica in Italia e in Europa.<\/em><\/strong><\/li>\n<\/ul>\n<p>Luigi Sergio Germani\u00a0[Direttore dell\u2019Istituto Gino Germani di Scienze Sociali e Studi Strategici].<\/p>\n<p><strong>Sabato\u00a0<\/strong><strong>\u00a0<\/strong><strong>6 aprile 2019 (ore 14:30-18:30)<\/strong><\/p>\n<ul>\n<li><strong><em>Gli strumenti economico-finanziari della guerra politica: analisi di alcuni casi-studio di minacce ibride.<\/em><\/strong><strong><em>\u00a0<\/em><\/strong><\/li>\n<\/ul>\n<p>Giovambattista Palumbo [esperto di intelligence economico-finanziaria].<\/p>\n<ul>\n<li><strong><em>L\u2019impiego della criminalit\u00e0 organizzata e della corruzione con finalit\u00e0 di influenza e destabilizzazione di un paese avversario.<\/em><\/strong><\/li>\n<\/ul>\n<p><strong>Venerd\u00ec\u00a0<\/strong><strong>\u00a0<\/strong><strong>12\u00a0<\/strong><strong>\u00a0<\/strong><strong>aprile 2019 (ore 9:00-13:30)<\/strong><\/p>\n<ul>\n<li><strong><em>La guerra ibrida contro la<\/em><\/strong><strong><em>\u00a0democrazia<\/em><\/strong><strong><em>: perch\u00e9 l&#8217;Italia, l&#8217;Europa e la NATO hanno bisogno di una strategia di difesa dei valori e delle istituzioni democratiche.<\/em><\/strong><\/li>\n<\/ul>\n<p>Stefano Stefanini\u00a0[editorialista de\u00a0<em>La Stampa,<\/em><em>\u00a0<\/em>gi\u00e0 Consigliere Diplomatico del Presidente della Repubblica].<strong><em>\u00a0<\/em><\/strong><\/p>\n<ul>\n<li><strong><em>Le minacce ibride:\u00a0<\/em><\/strong><strong><em>\u00a0<\/em><\/strong><strong><em>nuove sfide ai servizi d\u2019intelligence. Come devono cambiare SIGINT, HUMINT, analisi d\u2019intelligence e counterintelligence.<\/em><\/strong><strong><em>\u00a0<\/em><\/strong><\/li>\n<\/ul>\n<p>Gregory F. Treverton [gi\u00e0 Presidente del US\u00a0 National Intelligence Council,\u00a0\u00a0professore di\u00a0<em>intelligence studies<\/em>\u00a0presso la University of Southern California]..<\/p>\n<p><strong>Venerd\u00ec 12 aprile 2019 (ore 14:30-18:30)<\/strong><\/p>\n<ul>\n<li><strong><em>La grand strategy cinese di guerra politica:\u00a0obiettivi strategici, strumenti operativi e ripercussioni sulla sicurezza e sulla stabilit\u00e0 dei paesi occidentali.<\/em><\/strong><\/li>\n<\/ul>\n<p>Fran\u00e7ois G\u00e9r\u00e9\u00a0[Presidente dell\u2019Institut Fran\u00e7ais d&#8217;Analyse Strat\u00e9gique, Parigi].<\/p>\n<ul>\n<li><strong><em>Gli attori della guerra politica nel quadrante mediorientale: Iran e ISIS.<\/em><\/strong><\/li>\n<\/ul>\n<p>Fran\u00e7ois G\u00e9r\u00e9\u00a0[Presidente dell\u2019Institut Fran\u00e7ais d&#8217;Analyse Strat\u00e9gique, Parigi].<\/p>\n<ul>\n<li><strong><em>Le nuove minacce strategiche all\u2019Europa e all\u2019Italia: come dobbiamo prepararci per le guerre ibride del XXI secolo.<\/em><\/strong><\/li>\n<\/ul>\n<p>Vincenzo Camporini, Vice Presidente dell\u2019Istituto Affari Internazionali, gi\u00e0 Capo di Stato Maggiore della Difesa.<\/p>\n<p><strong>Sabato 13 aprile 2019 (ore 9:00-13:30)<\/strong><\/p>\n<ul>\n<li><strong><em>Natura e caratteristiche della guerra ibrida russa: quali contromisure da parte delle agenzie di intelligence e sicurezza occidentali?<\/em><\/strong><\/li>\n<\/ul>\n<p>Carl Scott [docente presso il UK Joint Intelligence Centre\u00a0\u00a0e il\u00a0UK Joint Command and Staff College, gi\u00e0 Addetto Militare del Regno Unito\u00a0\u00a0a Mosca].<\/p>\n<ul>\n<li><strong><em>Verso una nuova intelligence per l\u2019era delle minacce ibride.<\/em><\/strong><\/li>\n<\/ul>\n<p>Dibattito e brainstorming tra relatori e partecipanti.<\/p>\n<p><strong>\u00a0Sabato\u00a0<\/strong><strong>\u00a0<\/strong><strong>13\u00a0<\/strong><strong>\u00a0<\/strong><strong>aprile 2019 (ore 14:30-18:00)<\/strong><\/p>\n<ul>\n<li><strong><em>La guerra politica nel mondo virtuale: come evolvono le tecniche di aggressione cibernetica e manipolazione informativa.<\/em><\/strong><\/li>\n<\/ul>\n<p>Michele Colajanni [professore ordinario presso il Dipartimento di Ingegneria dell\u2019Informazione dell\u2019Universit\u00e0 degli Studi di Modena e Reggio Emilia].<\/p>\n<ul>\n<li>\u00a0<strong><em>L\u2019evoluzione costante delle minacce ibride e la necessaria complementariet\u00e0 dell\u2019OSINT.<\/em><\/strong><\/li>\n<\/ul>\n<p>Adriana Piancastelli\u00a0[Senior OSINT analyst].<\/p>\n<ul>\n<li><strong><em>Dibattito e conclusioni<\/em><\/strong><\/li>\n<li><strong><em>Consegna dei diplomi<\/em><\/strong><strong><em>\u00a0<\/em><\/strong><\/li>\n<\/ul>\n<p><strong>2] OBIETTIVI DIDATTICI\u00a0\u00a0\u00a0\u00a0\u00a0\u00a0\u00a0\u00a0\u00a0\u00a0\u00a0\u00a0\u00a0<\/strong><\/p>\n<p>Il corso di alta formazione \u201c<strong>Political Warfare e Sicurezza Nazionale: la nuova intelligence nell\u2019era delle minacce ibride<\/strong>\u201d:<\/p>\n<ul>\n<li>Consentir\u00e0 ai partecipanti di acquisire una pi\u00f9 profonda conoscenza e consapevolezza del fenomeno della guerra politica nel XXI secolo e delle minacce che da essa derivano per la sicurezza nazionale italiana.<\/li>\n<li>Fornir\u00e0 le chiavi di lettura per comprendere obiettivi, strategie e strumenti operativi \u201cibridi\u201d dei principali attori geopolitici che oggi ricorrono alla guerra politica.<\/li>\n<li>\u00a0Approfondir\u00e0 il crescente ruolo che i servizi d\u2019intelligence dovranno assumere nel contrasto alle minacce ibride, nonch\u00e9 il nuovo approccio all\u2019intelligence che sar\u00e0 necessario adottare per fronteggiare questa sfida.<\/li>\n<li>\u00a0Fornir\u00e0 ai partecipanti indicazioni sulle contromisure e strategie di contrasto da predisporre a livello del sistema-paese, nella pubblica amministrazione e in tutti i settori della societ\u00e0.<\/li>\n<\/ul>\n<p>I corsisti riceveranno un attestato di partecipazione.<\/p>\n<p><strong>3] DOCENTI<\/strong><\/p>\n<p>Parteciperanno in qualit\u00e0 di docenti autorevoli esperti italiani e stranieri, tra cui:\u00a0<strong>Gregory F. Treverton<\/strong>,\u00a0gi\u00e0 Presidente del US\u00a0 National Intelligence Council, e professore di\u00a0<em>intelligence studies<\/em>\u00a0presso la\u00a0University of Southern California;\u00a0<strong>Luca Baione<\/strong>\u00a0\u00e8 Consigliere Militare Vicario del Presidente del Consiglio;\u00a0<strong>Stefano Stefanini<\/strong>, editorialista de\u00a0<em>La Stampa<\/em>\u00a0e consulente internazionale, gi\u00e0 Consigliere Diplomatico del Presidente della Repubblica e\u00a0Rappresentante Permanente d&#8217;Italia presso la NATO;\u00a0<strong>Vincenzo Camporini<\/strong>, Vice Presidente dell\u2019Istituto Affari Internazionali, gi\u00e0 Capo di Stato Maggiore della Difesa;\u00a0<strong>Giulio Terzi di Sant\u2019Agata<\/strong>, Presidente del Comitato Globale per lo Stato di Diritto\u00a0\u00a0\u201cMarco Pannella\u201d, gi\u00e0\u00a0\u00a0Ministro degli Esteri;\u00a0<strong>Carl Scott<\/strong>, docente presso il UK Joint Intelligence Centre\u00a0\u00a0e il\u00a0UK Joint Command and Staff College, gi\u00e0 Addetto Militare del Regno Unito\u00a0\u00a0a Mosca;\u00a0<strong>Fran\u00e7ois G\u00e9r\u00e9<\/strong>, Presidente dell\u2019Institut Fran\u00e7ais d&#8217;Analyse Strat\u00e9gique, Parigi;\u00a0<strong>Michele Colajanni<\/strong>,\u00a0professore ordinario presso il Dipartimento di Ingegneria dell\u2019Informazione dell\u2019Universit\u00e0 degli Studi di Modena e Reggio Emilia;\u00a0<strong>Antonio Scala<\/strong>, ricercatore presso l\u2019Istituto dei Sistemi Complessi, Consiglio Nazionale delle Ricerche;\u00a0<strong>Luca Alagna<\/strong>,\u00a0Consulente di Comunicazione Strategica e Marketing Digitale;\u00a0<strong>Adriana Piancastelli,<\/strong>\u00a0Senior OSINT analyst;\u00a0<strong>Mario Liotta<\/strong>, Coordinatore del Sistema Nazionale di Gestione delle Crisi e Capo Ufficio Politica Militare dell&#8217;Ufficio del Consigliere Militare del Presidente del Consiglio;\u00a0<strong>Marco Cannavicci<\/strong>, psichiatra forense ed esperto di intelligence e sicurezza;\u00a0<strong>Giovambattista Palumbo<\/strong>, esperto di intelligence economico-finanziaria;\u00a0<strong>Fabio Rugge<\/strong>, Capo Ufficio IV &#8211; Alleanza Atlantica e questioni\u00a0strategiche di sicurezza e politico-militari, Ministero degli Affari Esteri;\u00a0<strong>Vincenzo Trombadore,<\/strong>\u00a0Dirigente della Polizia di Stato, Segreteria del Dipartimento\u00a0 di Pubblica Sicurezza;\u00a0<strong>Luigi Sergio Germani<\/strong>, Responsabile scientifico del Corso e Direttore dell\u2019Istituto Gino Germani di Scienze Sociali e Studi Strategici;\u00a0<strong>Vittorio Pagliaro<\/strong>, Coordinatore del Comitato Scientifico dell\u2019Istituto G. Germani.<\/p>\n<p><strong>Parteciperanno, inoltre, altri esperti governativi e non-governativi<\/strong><strong>\u00a0<\/strong><\/p>\n<p><strong>Il costo del corso \u00e8 350 Euro + IVA. \u00c8 previsto uno sconto del 10% per appartenenti agli organismi di Sicurezza Nazionale, alle Forze di Polizia e alle Forze Armate, e per studenti universitari.<\/strong><\/p>\n<p><strong>Per informazioni e richieste di partecipazione si prega di contattare:<\/strong><strong>\u00a0<\/strong><strong><u>fondazionegermani@gmail.com<\/u><\/strong><strong>.<\/strong><strong>Telefono Mobile 3270852753<\/strong><strong>\u00a0<\/strong><\/p>\n<p><strong><a href=\"http:\/\/www.fondazionegermani.org\/\">www.fondazionegermani.org<\/a><\/strong><\/p>\n<p>Ricordo sull&#8217;argomento l&#8217;articolo recentissimo del nostro collaboratore Paolo Zucconi su questo foglio OA<\/p>\n<p><a href=\"http:\/\/www.osservatorioanalitico.com\/?p=9195\">www.osservatorioanalitico.com\/?p=9195<\/a><\/p>\n<p>&nbsp;<\/p>\n","protected":false},"excerpt":{"rendered":"<p>\u00a0 Come sempre segnalo con piacere anche questo Corso organizzato dall\u2019Istituto Gino Germani che vanta una lunga tradizione in organizzazione di Corsi su argomenti di attualit\u00e0 e molto complessi. Il Direttore scientifico: Maria Gabriella Pasqualini POLITICAL WARFARE E SICUREZZA NAZIONALE LA NUOVA INTELLIGENCE NELL\u2019 ERA DELLE MINACCE IBRIDE \u00a0\u00a0\u00a0\u00a0\u00a0\u00a0\u00a0\u00a0\u00a0\u00a0\u00a0\u00a0\u00a0\u00a0\u00a0\u00a0 \u00a0 \u00a0 \u00a0 \u00a0 \u00a0 \u00a0 [&hellip;]<\/p>\n","protected":false},"author":1,"featured_media":9214,"comment_status":"closed","ping_status":"closed","sticky":false,"template":"","format":"standard","meta":{"jetpack_post_was_ever_published":false,"jetpack_publicize_message":"","jetpack_is_tweetstorm":false,"jetpack_publicize_feature_enabled":true,"jetpack_social_post_already_shared":true,"jetpack_social_options":[]},"categories":[695,694,1516],"tags":[],"jetpack_publicize_connections":[],"aioseo_notices":[],"jetpack_featured_media_url":"https:\/\/www.osservatorioanalitico.com\/wp-content\/uploads\/2019\/03\/ciobulletin-cyberwar-opinion.jpg","jetpack_shortlink":"https:\/\/wp.me\/p4fe9l-2oy","jetpack_likes_enabled":false,"_links":{"self":[{"href":"https:\/\/www.osservatorioanalitico.com\/index.php?rest_route=\/wp\/v2\/posts\/9210"}],"collection":[{"href":"https:\/\/www.osservatorioanalitico.com\/index.php?rest_route=\/wp\/v2\/posts"}],"about":[{"href":"https:\/\/www.osservatorioanalitico.com\/index.php?rest_route=\/wp\/v2\/types\/post"}],"author":[{"embeddable":true,"href":"https:\/\/www.osservatorioanalitico.com\/index.php?rest_route=\/wp\/v2\/users\/1"}],"replies":[{"embeddable":true,"href":"https:\/\/www.osservatorioanalitico.com\/index.php?rest_route=%2Fwp%2Fv2%2Fcomments&post=9210"}],"version-history":[{"count":7,"href":"https:\/\/www.osservatorioanalitico.com\/index.php?rest_route=\/wp\/v2\/posts\/9210\/revisions"}],"predecessor-version":[{"id":9218,"href":"https:\/\/www.osservatorioanalitico.com\/index.php?rest_route=\/wp\/v2\/posts\/9210\/revisions\/9218"}],"wp:featuredmedia":[{"embeddable":true,"href":"https:\/\/www.osservatorioanalitico.com\/index.php?rest_route=\/wp\/v2\/media\/9214"}],"wp:attachment":[{"href":"https:\/\/www.osservatorioanalitico.com\/index.php?rest_route=%2Fwp%2Fv2%2Fmedia&parent=9210"}],"wp:term":[{"taxonomy":"category","embeddable":true,"href":"https:\/\/www.osservatorioanalitico.com\/index.php?rest_route=%2Fwp%2Fv2%2Fcategories&post=9210"},{"taxonomy":"post_tag","embeddable":true,"href":"https:\/\/www.osservatorioanalitico.com\/index.php?rest_route=%2Fwp%2Fv2%2Ftags&post=9210"}],"curies":[{"name":"wp","href":"https:\/\/api.w.org\/{rel}","templated":true}]}}