{"id":9189,"date":"2019-03-04T17:52:54","date_gmt":"2019-03-04T16:52:54","guid":{"rendered":"http:\/\/www.osservatorioanalitico.com\/?p=9189"},"modified":"2019-03-04T17:52:54","modified_gmt":"2019-03-04T16:52:54","slug":"libia-possibili-elezioni-intanto-haftar-si-muove-a-sud","status":"publish","type":"post","link":"https:\/\/www.osservatorioanalitico.com\/?p=9189","title":{"rendered":"LIBIA, POSSIBILI ELEZIONI? INTANTO HAFTAR SI MUOVE A SUD&#8230;"},"content":{"rendered":"<div id=\"attachment_9191\" style=\"width: 590px\" class=\"wp-caption aligncenter\"><img aria-describedby=\"caption-attachment-9191\" decoding=\"async\" loading=\"lazy\" class=\"size-large wp-image-9191\" src=\"http:\/\/www.osservatorioanalitico.com\/wp-content\/uploads\/2019\/03\/gs-580x336.jpg\" alt=\"Ghassem Salam\u00e9, inviato speciale delle NU per la Libia\" width=\"580\" height=\"336\" srcset=\"https:\/\/www.osservatorioanalitico.com\/wp-content\/uploads\/2019\/03\/gs-580x336.jpg 580w, https:\/\/www.osservatorioanalitico.com\/wp-content\/uploads\/2019\/03\/gs-280x162.jpg 280w, https:\/\/www.osservatorioanalitico.com\/wp-content\/uploads\/2019\/03\/gs-768x445.jpg 768w, https:\/\/www.osservatorioanalitico.com\/wp-content\/uploads\/2019\/03\/gs-300x174.jpg 300w, https:\/\/www.osservatorioanalitico.com\/wp-content\/uploads\/2019\/03\/gs.jpg 1200w\" sizes=\"(max-width: 580px) 100vw, 580px\" \/><p id=\"caption-attachment-9191\" class=\"wp-caption-text\">Ghassam Salam\u00e9, inviato speciale delle NU per la Libia<\/p><\/div>\n<p style=\"text-align: justify;\"><em>Una equilibrata analisi della situazione attuale in Libia. <\/em><\/p>\n<p style=\"text-align: justify;\"><em>Il Direttore scientifico: Maria Gabriella Pasqualini. <\/em><\/p>\n<p style=\"text-align: justify;\">La mediazione dell&#8217;inviato ONU in Libia, Ghassam Salam\u00e9, ha raggiunto un altro obiettivo: un accordo tra l&#8217;uomo \u201cforte\u201d Khalifa Haftar e il capo del governo di Tripoli Al-Serraj, sostenuto dalle Nazioni Unite e dalla Comunit\u00e0 Internazionale, per promuovere elezioni politiche nel Paese.<\/p>\n<p style=\"text-align: justify;\">Questo accordo \u00e8 stato raggiunto a Abu Dhabi, dopo la conclusione del vertice di Sharm El-Sheik, in Egitto. Sar\u00e0 questo incontro negli Emirati Arabi Uniti (EAU) importante? Ci saranno davvero le elezioni? La conferenza di Palermo ha dimostrato quanto sia difficile organizzare un incontro tra i due leaders e permettere che tale incontro sia sostanziale e non solo formale. Il vertice di Palermo \u00e8 certamente stato utile, ma l&#8217;assenza di Haftar ai lavori ne ha compromesso la credibilit\u00e0. Non si era arrivati a un accordo di sostanza, per porre all&#8217;esistenza dei vari consigli di transizione e istituzioni provvisorie, che caratterizzano la Libia dal 2011. Il vertice di Abu Dhabi, seppur da monitorarne l&#8217;implementazione, ha messo d&#8217;accordo i due leader concordando la necessit\u00e0 di elezioni nazionali, l&#8217;unificazione delle istituzioni, per promuovere stabilit\u00e0 e sicurezza nel Paese.<\/p>\n<p style=\"text-align: justify;\">Vedremo se alle parole seguiranno i fatti. La prima data proposta di elezioni presidenziali e legislative fu a maggio scorso nel vertice di Parigi. Il Presidente francese Macron e i due leader libici si accordarono per tenere le elezioni il 10 Dicembre 2018. Ci\u00f2 non \u00e8, ovviamente, accaduto. Le Nazioni Unite non hanno fornito molti dettagli sulla riunione di Abu Dhabi, ma ci\u00f2 che emerge, \u00e8 l&#8217;assenza di immagini riportanti strette di mano e l&#8217;assenza di un accordo circa una data di svolgimento di queste elezioni.<\/p>\n<p style=\"text-align: justify;\">Vi sono stati vari incontri simili nei mesi e anni passati e venivano rilasciate immagini che mostravano strette di mano tra i partecipanti. Questa volta no. L&#8217;ONU ha rilasciato un <em>Tweet<\/em> lanciando la notizia di un accordo raggiunto, ma non si menziona la famosa <em>Roadmap,<\/em> che prevede una conferenza nazionale per decidere il tipo di elezioni, forse perch\u00e9 considerata inutile dai gruppi tribali dell&#8217;Est della Libia.<\/p>\n<p style=\"text-align: justify;\">Le Nazioni Unite stanno lavorando da due anni per promuovere queste elezioni per porre fine a otto anni di conflitto. Le divisioni sono per\u00f2 profonde e tribali. Come detto, vedremo se alle parole seguiranno i fatti. Nel frattempo, l&#8217;Esercito Nazionale Libico (LNA) di Haftar ha iniziato, da gennaio, una nuova offensiva militare nella cruciale regione meridionale (il Fezzan), con l&#8217;obiettivo dichiarato di liberare i cittadini della regione da terroristi e criminali e combattere il traffico di esseri umani. Tramite l&#8217;impiego di Tuareg affiliati alle forze di Haftar (vedi Brigata 173), sono state occupate la citt\u00e0 principale della regione (Sabha) e giacimenti petroliferi (quali El Sharara). Il consolidamento della presenza di Haftar nel Fezzan e il ritiro delle forze di Ali Kannah, membro di una trib\u00f9 Tuareg fedele al governo di Al-Serraj, potrebbero rappresentare un cambiamento delle dinamiche politiche locali. Vedremo nelle prossime settimane se questa maggiore attenzione di Haftar al Fezzan, rappresenter\u00e0 un punto di svolta nella crisi. \u00a9www.osservatorioanalitico.com \u2013 Riproduzione riservata<\/p>\n","protected":false},"excerpt":{"rendered":"<p>Una equilibrata analisi della situazione attuale in Libia.<\/p>\n","protected":false},"author":3277,"featured_media":9191,"comment_status":"closed","ping_status":"closed","sticky":false,"template":"","format":"standard","meta":{"jetpack_post_was_ever_published":false,"jetpack_publicize_message":"","jetpack_is_tweetstorm":false,"jetpack_publicize_feature_enabled":true,"jetpack_social_post_already_shared":true,"jetpack_social_options":[]},"categories":[1692,4066,1273],"tags":[4145,4147,4144,3512,4148,4149,4150,4146],"jetpack_publicize_connections":[],"aioseo_notices":[],"jetpack_featured_media_url":"https:\/\/www.osservatorioanalitico.com\/wp-content\/uploads\/2019\/03\/gs.jpg","jetpack_shortlink":"https:\/\/wp.me\/p4fe9l-2od","jetpack_likes_enabled":true,"_links":{"self":[{"href":"https:\/\/www.osservatorioanalitico.com\/index.php?rest_route=\/wp\/v2\/posts\/9189"}],"collection":[{"href":"https:\/\/www.osservatorioanalitico.com\/index.php?rest_route=\/wp\/v2\/posts"}],"about":[{"href":"https:\/\/www.osservatorioanalitico.com\/index.php?rest_route=\/wp\/v2\/types\/post"}],"author":[{"embeddable":true,"href":"https:\/\/www.osservatorioanalitico.com\/index.php?rest_route=\/wp\/v2\/users\/3277"}],"replies":[{"embeddable":true,"href":"https:\/\/www.osservatorioanalitico.com\/index.php?rest_route=%2Fwp%2Fv2%2Fcomments&post=9189"}],"version-history":[{"count":4,"href":"https:\/\/www.osservatorioanalitico.com\/index.php?rest_route=\/wp\/v2\/posts\/9189\/revisions"}],"predecessor-version":[{"id":9194,"href":"https:\/\/www.osservatorioanalitico.com\/index.php?rest_route=\/wp\/v2\/posts\/9189\/revisions\/9194"}],"wp:featuredmedia":[{"embeddable":true,"href":"https:\/\/www.osservatorioanalitico.com\/index.php?rest_route=\/wp\/v2\/media\/9191"}],"wp:attachment":[{"href":"https:\/\/www.osservatorioanalitico.com\/index.php?rest_route=%2Fwp%2Fv2%2Fmedia&parent=9189"}],"wp:term":[{"taxonomy":"category","embeddable":true,"href":"https:\/\/www.osservatorioanalitico.com\/index.php?rest_route=%2Fwp%2Fv2%2Fcategories&post=9189"},{"taxonomy":"post_tag","embeddable":true,"href":"https:\/\/www.osservatorioanalitico.com\/index.php?rest_route=%2Fwp%2Fv2%2Ftags&post=9189"}],"curies":[{"name":"wp","href":"https:\/\/api.w.org\/{rel}","templated":true}]}}