{"id":8752,"date":"2018-07-12T16:05:14","date_gmt":"2018-07-12T15:05:14","guid":{"rendered":"http:\/\/www.osservatorioanalitico.com\/?p=8752"},"modified":"2018-07-12T16:05:14","modified_gmt":"2018-07-12T15:05:14","slug":"e-questa-lamerica","status":"publish","type":"post","link":"https:\/\/www.osservatorioanalitico.com\/?p=8752","title":{"rendered":"E\u2019 QUESTA L\u2019AMERICA?"},"content":{"rendered":"<p><img decoding=\"async\" loading=\"lazy\" class=\"aligncenter wp-image-8754\" src=\"http:\/\/www.osservatorioanalitico.com\/wp-content\/uploads\/2018\/07\/protesta-immigrati-large.jpg\" alt=\"protesta-immigrati-large\" width=\"580\" height=\"424\" srcset=\"https:\/\/www.osservatorioanalitico.com\/wp-content\/uploads\/2018\/07\/protesta-immigrati-large.jpg 690w, https:\/\/www.osservatorioanalitico.com\/wp-content\/uploads\/2018\/07\/protesta-immigrati-large-274x200.jpg 274w, https:\/\/www.osservatorioanalitico.com\/wp-content\/uploads\/2018\/07\/protesta-immigrati-large-554x405.jpg 554w, https:\/\/www.osservatorioanalitico.com\/wp-content\/uploads\/2018\/07\/protesta-immigrati-large-300x219.jpg 300w\" sizes=\"(max-width: 580px) 100vw, 580px\" \/><\/p>\n<p><em>E\u2019 questa l\u2019America che conosciamo? Qualche riflessione su un momento critico della situazione umana mondiale.<\/em><\/p>\n<p><em>Il Direttore scientifico: Maria Gabriella Pasqualini<\/em><\/p>\n<p>1.<em>E\u2019 questa l\u2019America?\u00a0<\/em>(a cura di Aldo Madia <em>da Los Angeles, Luca Celada<\/em>)<\/p>\n<p>Dal mese scorso immigrati e richiedenti asilo, gi\u00e0 vittime di abusi e soprusi da parte di contrabbandieri, banditi e autorit\u00e0, subiscono una nuova crudelt\u00e0 che sta incarnando il volto bieco del trumpismo: la \u201crimozione\u201d permanente dei figli.<\/p>\n<p>Da un <em>Cie<\/em>dello Stato di Washington avvocati dei diritti civili riferiscono di aver parlato con alcune assistite mentre dai locali attigui si potevano sentire le urla e i pianti sconsolati dei bambini (alcuni fra i 2 e 5 anni) a loro sottratti in via di \u201ccollocamento\u201d. Sono dal 19 aprile a met\u00e0 maggio quasi 2.000 bambini piccoli hanno subito questa sorte d\u2019accordo con la nuova strategia della \u201cdissuazione\u201d.<\/p>\n<p>Mentre si aspetta l\u2019incontro di Trump con i repubblicani alla camera per affrontare il tema immigrazione, il repubblicano tea party Ted Cruz sta lavorando a una legge per salvare l\u2019idea della difesa dei confini\u00a0 senza separare le famiglie. Il \u201cProtect Kids and Parents Act\u201d dovrebbe proteggere le famiglie di immigrati illegali mentre i loro casi vengono verificati. Cruz aveva gi\u00e0 chiesto pi\u00f9 risorse per giudicare le richieste di asilo e di lasciare che i bambini immigrati restino con i genitori se non \u00e8 accertato che gli adulti sono associati ad attivit\u00e0 criminali \u201dTutti gli americani sono giustamente inorriditi dalle immagini che vediamo nei notiziari, bambini in lacrime strappati dalle madri e \u00a0padri \u2013 ha scritto in un comunicato il senatore texano \u2013 Possiamo proporvi\u00a0 fine approvando la legge\u201d (Marina Catucci).<\/p>\n<p>La questione degli &#8211; <em>stolen children<\/em>&#8211;\u00a0 i figli rubati evocano un catalogo di biechi analoghi soprusi eugenetici subiti dagli indiani.<\/p>\n<p>Contro l\u2019abuso militarizzato di minori si sono espressi parlamentari, intellettuali e religiosi: un\u2019indignazione bipartisan che ha visto persino l\u2019ex first lady repubblicana Laura Bush stilare un corsivo senza sconti (\u201cpolitica crudele e immorale\u201d). Anche l\u2019attuale first lady Melania Trump si \u00e8 detta \u201ccontrariata\u201d.<\/p>\n<p>2.<em>La posizione del PresidenteTrump<\/em><\/p>\n<p>A fronte delle critiche, il presidente americano, dopo aver negato l\u2019evidenza, ha poi addossato la colpa alle \u201cleggi ereditate dai democratici\u201d implicando allo stesso modo un possibile \u201cscambio di prigionieri\u201d: i bambini potrebbero essere ricongiunti se il Congresso passasse una riforma che abrogasse in futuro l\u2019immigrazione per ricongiungimento, la lotteria dei visti e finanziasse la famigerata muraglia di confine.<br \/>\nDue disegni di legge sono effettivamente all\u2019esame del Congresso ma nessuno dei due si riferisce esplicitamente al trattamento dei bambini detenuti.<\/p>\n<p>Per il momento dunque vige il rapimento e la reclusione istituzionalizzata\u00a0dei minorenni secondo le direttive esplicite del capo di Gabinetto John Kelly e del ministro di giustizia di Trump, Jeff Session, \u201crazzista galantuomo\u201d dell\u2019Alabama vecchio stampo, che ha invocato una giustificazione biblica (San Paolo) dell\u2019autorit\u00e0 di un governo come incarnazione della volont\u00e0 divina. La portavoce Sarh Huckabee Sanders gli ha fatto da sponda sostenendo che \u00e8 la Bibbia a chiedere il rispetto delle leggi.<\/p>\n<p>Chiusura delle frontiere quindi, muro al confine \u2013 e muri anche intorno ai seggi elettorali per sbarrare la strada alle minoranze\u2026 il primo capitolo era stato l\u2019annullamento dell\u2019amnistia (Daca) al milione circa di studenti e laureandi non cittadini \u2013 simbolo delle integrazione \u201cmigliore\u201d e dunque minaccia sempre pi\u00f9 imminente per l\u2019establishment (segmento 71-29% pro Trump secondo gli ultimi sondaggi).<\/p>\n<p>Come in Europa la partita si gioca sull\u2019interdizione dei flussi migratori sotto falso pretesto della lotta al globalismo.<\/p>\n<p>Ma, mentre il sottotesto europeo \u00e8 la rimozione del colonialismo, in America sfruttamento, schiavit\u00f9 e capitalismo imperialista sono stati introiettati nell\u2019immigrazione storica che ha composto il corpo sociale. In questa societ\u00e0 il progresso \u00e8 proceduto di pari passo con l\u2019emancipazione e l\u2019integrazione delle minoranze etniche e sociali.<\/p>\n<p>Il Trumpismo si prefigge dunque di invertire un intrinseco processo storico. Dallo scontro che oggi passa per i corpi indifesi dei bambini centroamericani dipenderebbe la fondamentale concezione della Nazione. Mentre proprio dalla sua componente multietnica potrebbe venire \u2018opposizione\u2019 pi\u00f9 efficace.<\/p>\n<p><em>3.L\u2019effetto Trump<\/em>(notizie <em>da Marina Catucci<\/em>)<\/p>\n<p>Le notizie che arrivano dal confine non sono rassicuranti, specialmente quelle che riguardano i bambini ora chiamati in tribunale per affrontare i processi che trattano le loro cause di rimpatrio, secondo avvocati di Texas, California, Nevada e Washington Dc i quali hanno reso pubblica la vicenda. \u201cIl Dipartimento di giustizia pensa che il minore dovrebbe avere un avvocato solo se pu\u00f2 pagarne uno\u201d!<\/p>\n<p>Chiedere che i minori non accompagnati affrontino il processo di espulsione da soli non \u00e8 una pratica nuova; il precedente \u00e8 arrivato con il caso di un ragazzo honduregno arrivato negli Stati Uniti nel 2014 all\u2019et\u00e0 di 13 anni e al quale era stato negato il soggiorno. Ora per\u00f2 con la politica migratoria di Trump della separazione delle famiglie, i casi di minori non accompagnati si sono molto complicati, e una Corte d\u2019Appello ha stabilito che i bambini immigrati che entrano illegalmente nel Paese non hanno diritto a un avvocato nominato dal governo: molti studi legali lo fanno \u201cpro bono\u201d. I due mila e pi\u00f9 bambini separati ora dovranno occuparsi anche di procedimenti giudiziari, mentre sono alle prese con il trauma di essere stati allontanati dai loro genitori. \u201dSe questa procedura rimarr\u00e0 in vigore \u2013 ha dichiarato Ahilan Arulanantham, direttore legale dell\u2019American Civil Liberties Union della California del Sud \u2013 comporter\u00e0 l\u2019espulsione di migliaia di bambini vulnerabili, in alcuni dei luoghi pi\u00f9 violenti del mondo\u201d<\/p>\n<p>\u201cRecentemente stavamo rappresentando un bambino di 3 anni che era stato separato dai genitori,\u00a0 e nel bel mezzo dell\u2019udienza ha iniziato a salire sul tavolo \u2013 ha raccontato al portale di notizie The Hill, Lindsay Toczylowski, direttore esecutivo dell\u2019Immigrant Defenders Law Center di Los Angeles \u2013 mettendo in evidenza tutta l\u2019assurdit\u00e0 di ci\u00f2 che stiamo facendo a questi bambini\u201d.<\/p>\n<p>Che sta succedendo in America, dunque?<\/p>\n<p>\u00a9<a href=\"http:\/\/www.osservatorioanalitico.com\/\">www.osservatorioanalitico.com<\/a>\u2013 Riproduzione riservata<\/p>\n<p>&nbsp;<\/p>\n<p>&nbsp;<\/p>\n","protected":false},"excerpt":{"rendered":"<p>E\u2019 questa l\u2019America che conosciamo? Qualche riflessione su un momento critico della situazione umana mondiale.<\/p>\n","protected":false},"author":1,"featured_media":8754,"comment_status":"closed","ping_status":"closed","sticky":false,"template":"","format":"standard","meta":{"jetpack_post_was_ever_published":false,"jetpack_publicize_message":"","jetpack_is_tweetstorm":false,"jetpack_publicize_feature_enabled":true,"jetpack_social_post_already_shared":true,"jetpack_social_options":[]},"categories":[1291],"tags":[3987,3988],"jetpack_publicize_connections":[],"aioseo_notices":[],"jetpack_featured_media_url":"https:\/\/www.osservatorioanalitico.com\/wp-content\/uploads\/2018\/07\/protesta-immigrati-large.jpg","jetpack_shortlink":"https:\/\/wp.me\/p4fe9l-2ha","jetpack_likes_enabled":true,"_links":{"self":[{"href":"https:\/\/www.osservatorioanalitico.com\/index.php?rest_route=\/wp\/v2\/posts\/8752"}],"collection":[{"href":"https:\/\/www.osservatorioanalitico.com\/index.php?rest_route=\/wp\/v2\/posts"}],"about":[{"href":"https:\/\/www.osservatorioanalitico.com\/index.php?rest_route=\/wp\/v2\/types\/post"}],"author":[{"embeddable":true,"href":"https:\/\/www.osservatorioanalitico.com\/index.php?rest_route=\/wp\/v2\/users\/1"}],"replies":[{"embeddable":true,"href":"https:\/\/www.osservatorioanalitico.com\/index.php?rest_route=%2Fwp%2Fv2%2Fcomments&post=8752"}],"version-history":[{"count":4,"href":"https:\/\/www.osservatorioanalitico.com\/index.php?rest_route=\/wp\/v2\/posts\/8752\/revisions"}],"predecessor-version":[{"id":8757,"href":"https:\/\/www.osservatorioanalitico.com\/index.php?rest_route=\/wp\/v2\/posts\/8752\/revisions\/8757"}],"wp:featuredmedia":[{"embeddable":true,"href":"https:\/\/www.osservatorioanalitico.com\/index.php?rest_route=\/wp\/v2\/media\/8754"}],"wp:attachment":[{"href":"https:\/\/www.osservatorioanalitico.com\/index.php?rest_route=%2Fwp%2Fv2%2Fmedia&parent=8752"}],"wp:term":[{"taxonomy":"category","embeddable":true,"href":"https:\/\/www.osservatorioanalitico.com\/index.php?rest_route=%2Fwp%2Fv2%2Fcategories&post=8752"},{"taxonomy":"post_tag","embeddable":true,"href":"https:\/\/www.osservatorioanalitico.com\/index.php?rest_route=%2Fwp%2Fv2%2Ftags&post=8752"}],"curies":[{"name":"wp","href":"https:\/\/api.w.org\/{rel}","templated":true}]}}