{"id":8116,"date":"2017-11-05T19:23:52","date_gmt":"2017-11-05T18:23:52","guid":{"rendered":"http:\/\/www.osservatorioanalitico.com\/?p=8116"},"modified":"2017-11-06T12:32:27","modified_gmt":"2017-11-06T11:32:27","slug":"catalogna-una-partita-a-scacchipericolosa-scacco-matto-a-chi-tocchera","status":"publish","type":"post","link":"https:\/\/www.osservatorioanalitico.com\/?p=8116","title":{"rendered":"Catalogna. Una partita a scacchi\u2026pericolosa. Scacco matto \u2026a chi toccher\u00e0?"},"content":{"rendered":"<p>&nbsp;<\/p>\n<div id=\"attachment_8118\" style=\"width: 590px\" class=\"wp-caption aligncenter\"><img aria-describedby=\"caption-attachment-8118\" decoding=\"async\" loading=\"lazy\" class=\"size-large wp-image-8118\" src=\"http:\/\/www.osservatorioanalitico.com\/wp-content\/uploads\/2017\/11\/1509479000653_1509479018.jpg-perche_puigdemont_non_dovrebbe_contare_sulla_solidarieta_del_belgio-580x194.jpg\" alt=\"Puigdemont a Brussels\" width=\"580\" height=\"194\" srcset=\"https:\/\/www.osservatorioanalitico.com\/wp-content\/uploads\/2017\/11\/1509479000653_1509479018.jpg-perche_puigdemont_non_dovrebbe_contare_sulla_solidarieta_del_belgio-580x194.jpg 580w, https:\/\/www.osservatorioanalitico.com\/wp-content\/uploads\/2017\/11\/1509479000653_1509479018.jpg-perche_puigdemont_non_dovrebbe_contare_sulla_solidarieta_del_belgio-280x94.jpg 280w, https:\/\/www.osservatorioanalitico.com\/wp-content\/uploads\/2017\/11\/1509479000653_1509479018.jpg-perche_puigdemont_non_dovrebbe_contare_sulla_solidarieta_del_belgio-768x257.jpg 768w, https:\/\/www.osservatorioanalitico.com\/wp-content\/uploads\/2017\/11\/1509479000653_1509479018.jpg-perche_puigdemont_non_dovrebbe_contare_sulla_solidarieta_del_belgio-300x101.jpg 300w, https:\/\/www.osservatorioanalitico.com\/wp-content\/uploads\/2017\/11\/1509479000653_1509479018.jpg-perche_puigdemont_non_dovrebbe_contare_sulla_solidarieta_del_belgio.jpg 940w\" sizes=\"(max-width: 580px) 100vw, 580px\" \/><p id=\"caption-attachment-8118\" class=\"wp-caption-text\">Puigdemont a Brussels<\/p><\/div>\n<p style=\"text-align: justify;\">Questa mattina 5 novembre alle 9.17 Carles Puigdemont e quattro ex ministri del suo deposto governo si sono consegnati, assistiti dai loro avvocati, in tutta riservatezza alla polizia belga, evidentemente avendo prima trovato un accordo con quelle autorit\u00e0. Ottima mossa anche per dimostrare che non intendono sottrarsi alla giurisdizione belga e probabilmente evitare i il carcere preventivo.<\/p>\n<p style=\"text-align: justify;\">La fuga di Puigdemont che all\u2019inizio poteva sembrare un sottrarsi un po\u2019 vigliaccamente alla giustizia spagnola, \u00e8 invece un comportamento, come in alcune pagine sottolinea il giornale spagnolo <em>El Pais<\/em>, politicamente molto \u2026destabilizzante della situazione spagnola ma soprattutto di quella europea, considerato che finora le autorit\u00e0 della EU si sono voltate dall\u2019altra parte, assicurando che si trattava di affari interni spagnoli e che comunque non avrebbero mai avallato una secessione della Catalogna.<\/p>\n<p style=\"text-align: justify;\">Un comportamento delle deposte autorit\u00e0 catalane politicamente molto interessante, sicuramente ben studiato, fin da quando c\u2019\u00e8 stata la minaccia dell\u2019applicazione dell\u2019art. 155 della Costituzione e quindi della dissoluzione del governo catalano. L\u2019incarcerazione dei leader politici Cuixart e Sanchez ha confermato che Madrid sarebbe andata avanti su questa linea e quindi l\u2019unica possibilit\u00e0 di continuare il discorso politico a livello europeo era proprio quello di andare dove siede quel Governo.<\/p>\n<p style=\"text-align: justify;\">Il problema \u00e8 invece per il governo belga e \u00e8 un problema particolarmente spinoso. Secessione, ribellione\u2026difficile definire questi comportamenti quando non sono stati accompagnati da violenza, nemmeno quando la Polizia spagnola l\u2019ha usata contro inermi cittadini che volevano votare un referendum dichiarato illegale s\u00ec, ma da tempo richiesto a gran voce. La malversazione, ovvero l\u2019uso indebito di denaro dello stato, \u00e8 invece un reato che probabilmente esiste nell\u2019ordinamento giudiziario belga\u2026.e potrebbe costituire la buccia di banana sulla quale potrebbe scivolare Puigdemont: forse anche per questo \u00e8 stato indicato quel reato nel mandato europeo di arresto della giudice Lamela.<\/p>\n<p style=\"text-align: justify;\">Domani mattina luned\u00ec 6 novembre alle 9.17 del mattino il giudice belga deve decidere se optare per il carcere preventivo in attesa della eventuale estradizione di Puigdemont e dei suoi ministri ancora con lui o lasciarli a piede libero perch\u00e9 non sussistono pericoli di fuga\u2026.essendosi tutti presentati spontaneamente alla Polizia belga. Appunto, ottima mossa.<\/p>\n<p style=\"text-align: justify;\">E\u2019 evidente che l\u2019obiettivo del deposto Presidente del Governo catalano \u00e8 quello di arrivare al 21 dicembre quando la Catalogna andr\u00e0 alle urne e tenere vivo il problema potendo parlare con i giornalisti, di fare o far fare comunicati stampa: insomma fare la sua campagna elettorale da uomo semilibero. Anche se andr\u00e0 in carcere, far\u00e0 uscire la sua voce da \u2018eroe\u2019 della democrazia ristretto <em>in vinculis<\/em>.<\/p>\n<p style=\"text-align: justify;\">Mai delle elezioni politiche interne avranno un riflesso europeo come quelle che si terranno il 21 dicembre prossimo. Non importa chi vincer\u00e0 perch\u00e9 molto probabilmente non vincer\u00e0 nessuno nel senso che pi\u00f9 o meno pareggeranno le due istanze, separatiste e unioniste. C\u2019\u00e8 da sperare invece che una delle due prevalga decisamente sull\u2019altra per tentare di spegnere questo brutto fuoco che sta divampando non solo nella penisola iberica. Sar\u00e0 difficile porre fine alla questione.<\/p>\n<p style=\"text-align: justify;\">Purtroppo qualsiasi avvenimento accada le conseguenze non spariranno in poco tempo: l\u2019Europa sta giocando una partita difficile. Una partita che la sta indebolendo sempre di pi\u00f9 dimostrando come di unione ce ne sia poca, se non per le spese che gli Stati membri affrontano per sostenerla. La prima picconata \u00e8 stata data dalla Brexit dove, \u00e8 pur vero che solo una minoranza ha decretato la fine della GB nell\u2019EU ma perch\u00e9 allora coloro che non erano d\u2019accordo non sono andati a esprimere la loro opinione? Saranno la maggioranza ma sono in difetto\u2026lo stesso dicasi per quegli unionisti che per\u00f2 non sono andati al voto in Spagna il 1\u00b0 ottobre. Per il bene della Spagna, della Catalogna e dell\u2019Europa devono andare alle urne il prossimo 21 dicembre.<\/p>\n<p style=\"text-align: justify;\">Puigdemont sta combattendo una battaglia, meglio una partita a scacchi con Rajoy e le Autorit\u00e0 europee di Bruxelles, infilando in questo pasticcio la giustizia belga che si trova a dirimere una situazione giuridica che ha risvolti politici di grande importanza.<\/p>\n<p style=\"text-align: justify;\">Il problema \u00e8 proprio questo: la definizione giuridica di un problema sociale sul quale Madrid non sembra abbia voluto dialogare. Non possono esserci soluzioni giuridiche a un problema sociale e politico. Per\u00f2, purtroppo non si torna indietro. Attendiamo le elezioni politiche del 21 dicembre. La giustizia belga in queste ore sicuramente sta cercando una onorevole via d\u2019uscita a un problema non spagnolo o catalano ma europeo.<\/p>\n<p style=\"text-align: justify;\">E\u2019 un momento storico interessante ma pericoloso.<\/p>\n<p style=\"text-align: justify;\">Per la parte storica ricordiamo ancora l&#8217;articolo di Andrea Carteny<\/p>\n<p style=\"text-align: justify;\"><a class=\"\" href=\"http:\/\/affarinternazionali.it\/\">affarinternazionali.it<\/a>\u00a0<a class=\"\" href=\"http:\/\/www.affarinternazionali.it\/2017\/10\/catalogna-indipendentisti-unionisti-voto\/\">http:\/\/www.affarinternazionali.it\/2017\/10\/catalogna-indipendentisti-unionisti-voto\/<\/a><\/p>\n<p>\u00a9<a href=\"http:\/\/www.osservatorioanalitico.com\/\">www.osservatorioanalitico.com<\/a> \u2013 Riproduzione riservata<\/p>\n<div id=\"attachment_8119\" style=\"width: 590px\" class=\"wp-caption aligncenter\"><img aria-describedby=\"caption-attachment-8119\" decoding=\"async\" loading=\"lazy\" class=\"size-large wp-image-8119\" src=\"http:\/\/www.osservatorioanalitico.com\/wp-content\/uploads\/2017\/11\/crespoyamoroscamenalicante-k3rD-620x349@abc-580x328.jpg\" alt=\"Carmen Lamela\" width=\"580\" height=\"328\" srcset=\"https:\/\/www.osservatorioanalitico.com\/wp-content\/uploads\/2017\/11\/crespoyamoroscamenalicante-k3rD-620x349@abc-580x328.jpg 580w, https:\/\/www.osservatorioanalitico.com\/wp-content\/uploads\/2017\/11\/crespoyamoroscamenalicante-k3rD-620x349@abc-280x158.jpg 280w, https:\/\/www.osservatorioanalitico.com\/wp-content\/uploads\/2017\/11\/crespoyamoroscamenalicante-k3rD-620x349@abc-300x170.jpg 300w, https:\/\/www.osservatorioanalitico.com\/wp-content\/uploads\/2017\/11\/crespoyamoroscamenalicante-k3rD-620x349@abc.jpg 617w\" sizes=\"(max-width: 580px) 100vw, 580px\" \/><p id=\"caption-attachment-8119\" class=\"wp-caption-text\">Carmen Lamela<\/p><\/div>\n","protected":false},"excerpt":{"rendered":"<p>La fuga di Puigdemont in Belgio \u00e8 una abile mossa politica come il suo consegnarsi alla polizia belga. Quali le conseguenze?<\/p>\n","protected":false},"author":42,"featured_media":8118,"comment_status":"closed","ping_status":"closed","sticky":false,"template":"","format":"standard","meta":{"jetpack_post_was_ever_published":false,"jetpack_publicize_message":"","jetpack_is_tweetstorm":false,"jetpack_publicize_feature_enabled":true,"jetpack_social_post_already_shared":true,"jetpack_social_options":[]},"categories":[3639,692,2549],"tags":[3642,3640,3641],"jetpack_publicize_connections":[],"aioseo_notices":[],"jetpack_featured_media_url":"https:\/\/www.osservatorioanalitico.com\/wp-content\/uploads\/2017\/11\/1509479000653_1509479018.jpg-perche_puigdemont_non_dovrebbe_contare_sulla_solidarieta_del_belgio.jpg","jetpack_shortlink":"https:\/\/wp.me\/p4fe9l-26U","jetpack_likes_enabled":true,"_links":{"self":[{"href":"https:\/\/www.osservatorioanalitico.com\/index.php?rest_route=\/wp\/v2\/posts\/8116"}],"collection":[{"href":"https:\/\/www.osservatorioanalitico.com\/index.php?rest_route=\/wp\/v2\/posts"}],"about":[{"href":"https:\/\/www.osservatorioanalitico.com\/index.php?rest_route=\/wp\/v2\/types\/post"}],"author":[{"embeddable":true,"href":"https:\/\/www.osservatorioanalitico.com\/index.php?rest_route=\/wp\/v2\/users\/42"}],"replies":[{"embeddable":true,"href":"https:\/\/www.osservatorioanalitico.com\/index.php?rest_route=%2Fwp%2Fv2%2Fcomments&post=8116"}],"version-history":[{"count":2,"href":"https:\/\/www.osservatorioanalitico.com\/index.php?rest_route=\/wp\/v2\/posts\/8116\/revisions"}],"predecessor-version":[{"id":8121,"href":"https:\/\/www.osservatorioanalitico.com\/index.php?rest_route=\/wp\/v2\/posts\/8116\/revisions\/8121"}],"wp:featuredmedia":[{"embeddable":true,"href":"https:\/\/www.osservatorioanalitico.com\/index.php?rest_route=\/wp\/v2\/media\/8118"}],"wp:attachment":[{"href":"https:\/\/www.osservatorioanalitico.com\/index.php?rest_route=%2Fwp%2Fv2%2Fmedia&parent=8116"}],"wp:term":[{"taxonomy":"category","embeddable":true,"href":"https:\/\/www.osservatorioanalitico.com\/index.php?rest_route=%2Fwp%2Fv2%2Fcategories&post=8116"},{"taxonomy":"post_tag","embeddable":true,"href":"https:\/\/www.osservatorioanalitico.com\/index.php?rest_route=%2Fwp%2Fv2%2Ftags&post=8116"}],"curies":[{"name":"wp","href":"https:\/\/api.w.org\/{rel}","templated":true}]}}