{"id":7886,"date":"2017-07-21T17:40:18","date_gmt":"2017-07-21T16:40:18","guid":{"rendered":"http:\/\/www.osservatorioanalitico.com\/?p=7886"},"modified":"2017-07-21T17:40:18","modified_gmt":"2017-07-21T16:40:18","slug":"stabilita-e-migrazioni","status":"publish","type":"post","link":"https:\/\/www.osservatorioanalitico.com\/?p=7886","title":{"rendered":"Stabilit\u00e0 e migrazioni."},"content":{"rendered":"<div id=\"attachment_7460\" style=\"width: 510px\" class=\"wp-caption aligncenter\"><img aria-describedby=\"caption-attachment-7460\" decoding=\"async\" loading=\"lazy\" class=\"size-full wp-image-7460\" src=\"http:\/\/www.osservatorioanalitico.com\/wp-content\/uploads\/2017\/01\/minniti.jpg\" alt=\"Il ministro Minniti\" width=\"500\" height=\"332\" srcset=\"https:\/\/www.osservatorioanalitico.com\/wp-content\/uploads\/2017\/01\/minniti.jpg 500w, https:\/\/www.osservatorioanalitico.com\/wp-content\/uploads\/2017\/01\/minniti-280x186.jpg 280w, https:\/\/www.osservatorioanalitico.com\/wp-content\/uploads\/2017\/01\/minniti-300x199.jpg 300w\" sizes=\"(max-width: 500px) 100vw, 500px\" \/><p id=\"caption-attachment-7460\" class=\"wp-caption-text\">Il Ministro Minniti<\/p><\/div>\n<p style=\"text-align: justify;\">E\u2019 molto chiaro che la maggior parte dei Paesi appartenenti all\u2019EU non intendono, almeno per un lungo periodo, farsi carico della migrazione che arriva dalla\u2019Africa, in particolare sub sahariana. Una folla di giovani migranti che fugge alcune volte da guerre ma altre? La maggior parte degli arrivi proviene dalla Nigeria: perch\u00e9?<\/p>\n<p style=\"text-align: justify;\">Eppure ben si sa che c\u2019\u00e8 una criminalit\u00e0 nigeriana che controlla traffico di droga, di prostituzione e possibilmente anche di armi.<\/p>\n<p style=\"text-align: justify;\">Aumentano i minori e le minori non accompagnati\u2026. la prostituzione minorile nigeriana e di altri Paesi di provenienza aumenta\u2026di molti minori si perdono le tracce.<\/p>\n<p style=\"text-align: justify;\">In larga parte i migranti sono \u2018economici\u2019 e non fuggono da guerre o persecuzioni. E il giovane Presidente francese ha fatto un chiaro distinguo ma comunque arrivano e non se ne vanno, anche quelli &#8216;economici&#8217;. Dunque?<\/p>\n<p style=\"text-align: justify;\">Vengono salvati (purtroppo si hanno ancora molte morti), in mare con precisione, presi fin in prossimit\u00e0 delle coste libiche.<\/p>\n<p style=\"text-align: justify;\">Bene: ormai sono chiari alcuni processi di arricchimento sulla pelle di questi \u2018poveracci\u2019: processi che riguardano passeur in Africa (con il beneplacito delle trib\u00f9 che vivono ai confini della Libia), scafisti e\u2026insomma un indotto finanziario in grande espansione. Sono dati accertati. Chiedere alle trib\u00f9 di non agevolare questo transito significa sapere quanto ricavano da questo commercio. Offrire un terzo in pi\u00f9 per poi concedere due terzi in pi\u00f9, riservarsi un terzo in pi\u00f9 per le successive richieste..e soprattutto far arrivare il denaro rapidamente\u2026e non sempre la rimessa sarebbe in contanti! Al \u2018suk degli Accordi\u2019. Dati &#8216;sensibili&#8217;. Per\u00f2 \u00e8 uno dei modi concreti per tentare di fermare le masse in viaggio.<\/p>\n<p style=\"text-align: justify;\">Quel che rimane un mistero \u00e8 come i Paesi europei non si accorgano (o non vogliano capire) che sono anche loro seduti su una bomba umana esplosiva, lasciando all\u2019Italia il peso economico e umano di una situazione che sta sfuggendo di mano, per essere ottimisti.<\/p>\n<p style=\"text-align: justify;\">Punto primo: l\u2019Italia ha problemi sociali, economici e\u2026politici ma sostanzialmente \u00e8 un territorio molto stabile. La presenza per\u00f2, anche se minima, di una parte di popolazione appena arrivata pu\u00f2 mettere in pericolo tale accertata stabilit\u00e0.<\/p>\n<p style=\"text-align: justify;\">La popolazione migrante si divide in due parti: quella musulmana proveniente dal Medio Oriente, in gran parte siriana o irachena che fugge dalle guerre, che conosce le regole primarie di stati istituzionali, anche se non accetta abitudini e costumi occidentali e vuole imporre i propri. La maggioranza dei migranti, per\u00f2, \u00e8 sub sahariana con una religione spesso non dichiarata e soprattutto sembra non conoscere le regole del vivere occidentale: non si parla di aspetti religiosi ma di quelli riguardanti la vita lavorativa e del convivere civile. Spesso arrivano dall\u2019interno di Stati come la Nigeria, il Senegal (ora pochi), il Mali, il Niger\u2026questo vuol dire che conoscono una vita di tipo clanico, tribale e non si \u2018orientano\u2019 in un occidente sconosciuto\u2026quando poi sono elementi poco raccomandabili anche nel loro Paese. Vedi recenti dichiarazioni dello stesso governo nigeriano.<\/p>\n<p style=\"text-align: justify;\">Punto secondo: il dialogo da instaurare con questi due gruppi \u00e8 assolutamente diverso, premesso che occorrerebbe rimpatriare immediatamente chi non ottiene lo status di rifugiato\u2026ma questo sembra impossibile anche per gli oneri finanziari che comporta e per i mancati accordi con gli stati di provenienza. Occorrono mediatori culturali formati ad hoc, soprattutto per i sub sahariani.<\/p>\n<p style=\"text-align: justify;\">Questi, in particolare, arrivano, probabilmente, con in mente forse un lavoro ma sapendo che comunque per i primi mesi (anni) saranno ricevuti, sfamati, alloggiati e accuditi (Radio Migrante\u2026chiamiamola cos\u00ec). Come \u00e8 giusto che sia\u2026per\u00f2 comprendono quasi subito che lo stato che li riceve \u00e8 molto permissivo nei loro confronti anche se non ne comprendono il perch\u00e9 ma ne godono i benefici.<\/p>\n<p style=\"text-align: justify;\">Ci meravigliamo che molti di loro girino con un coltello\u2026normale per chi vive vicino alla savana. E\u2019 un oggetto di uso comune, come per gli yemeniti portare la <em>Jambia<\/em> (un pugnale ricurvo, molto affilato)\u2026ci sono poi quelli che, essendo stato loro rifiutato lo status di rifugiato, hanno ricevuto un decreto di espulsione che il pi\u00f9 delle volte non solo non capiscono perch\u00e9 non sanno l\u2019italiano ma anche perch\u00e9 non sanno leggere.<\/p>\n<p style=\"text-align: justify;\">Espulsione: con quali soldi potrebbero acquistare un passaggio aereo o di qualsiasi altro mezzo per ritornare in patria? E quindi restano allo stato brado: o sviluppano problemi psicologici gravi o per sopravvivere spacciano o rubano perch\u00e9 lo stato che li ospita non pu\u00f2, dico non pu\u00f2, offrire loro del lavoro. Devono mangiare, vestirsi, lavarsi e dormire. Normali esigenze dell\u2019essere umano. Per non accennare a altre urgenze tipiche di maschi in et\u00e0 feconda: perch\u00e9 stupirsi di tentati stupri o anche riusciti\u2026o palpeggiamenti\u2026\u00e8 solo ipocrisia morale. E ci stupiamo che nei centri di accoglienza o altrove vi sia una prostituzione ad hoc\u2026forse \u00e8 meglio questa che altro\u2026il problema \u00e8 che, come al solito, questa non \u00e8 \u2018spontanea\u2019 ma gestita spesso da \u2018madame\u2019 nigeriane o altri individui che ne fanno mercato e arricchimento personale. Di qui poi vedi in mano a richiedenti asilo telefonini anche molto moderni.<\/p>\n<p style=\"text-align: justify;\">Per ora ho elencato problemi che tutti conosciamo. Quel che per\u00f2 l\u2019Italia e gli altri Paesi europei non comprendono che la stabilit\u00e0 della stessa Europa, non solo dell\u2019Italia, \u00e8 messa in pericolo da questa migrazione. In genere essa si attende una sistemazione qualunque (lavorativa o non) e poich\u00e9 l\u2019Italia e l\u2019Europa non sapranno integrare questa gran massa di disperati, saranno costoro e non gli europei, a destabilizzare seriamente il territorio (iniziando da quello italiano), con le loro proteste. I sub sahariani non conoscono le regole occidentali ma hanno capito o glielo hanno fatto capire che mettendosi in mezzo a strade e autostrade o rovesciando cassonetti, in linea di massima ottengono quel che vogliono: posto dove stare (amano risiedere vicino a grandi centri), cibo diverso\u2026\u00e8 pur vero che alcune cooperative che se ne occupano, non danno un cibo degno di questo nome, lucrando su quanto lo Stato italiano d\u00e0 loro per nutrire il migrante (business is business)\u2026\u00e8 per\u00f2 altrettanto vero che i migranti sub sahariani non sono abituati al cibo occidentale e quindi \u2018pretendono\u2019 quel che loro aggrada.<\/p>\n<p style=\"text-align: justify;\">Faccio un riferimento storico che in pochi conoscono e che io (giovanissima studiosa) ho vissuto in loco proprio in quei giorni: il 12 ottobre 1968 i territori spagnoli di Fernando Poo (isola) e Rio Muni (nel continente africano) divennero indipendenti con il nome di Guinea Equatoriale. Le popolazioni indigene festeggiarono in modo normale ma i 70.000 (nella sola isola), operai nigeriani che lavoravano nelle piantagioni di caff\u00e8 e di cacao organizzarono dei <em>balele<\/em> (festeggiamenti) che invece ebbero una deriva forse non del tutto imprevista: reclamarono lo stesso giorno, vista l\u2019indipendenza, salari pi\u00f9 alti, diritti di vario genere. Anche nei giorni successivi misero a fuoco alcune piantagioni rivoltandosi anche contro le stesse giovani autorit\u00e0 guineane e quelle religiose locali, iniziando cos\u00ec un periodo di destabilizzazione nello Stato di recentissima indipendenza. Altri problemi sorsero in seguito ma furono i nigeriani, non i nuovi guineani, a iniziare rivolte e disordini. Un esempio storico da ricordare.<\/p>\n<p style=\"text-align: justify;\">Per tornare ai nostri giorni e al nostro territorio, abbiamo assistito pi\u00f9 volte a risse fra sub sahariani o mediorientali, tra di loro. Ci sono gi\u00e0 stati episodi di migranti alloggiati che hanno fatto qualche barricata per non accogliere altri \u2018fratelli\u2019 migranti perch\u00e9 c\u2019\u00e8 anche un problema di eccesso di popolazione ospitata in alcuni centri per \u2018richiedenti asilo\u2019. I loro problemi interni graveranno sul resto.<\/p>\n<p style=\"text-align: justify;\">Quanti di questi migranti potremo integrare? A quanti dare un lavoro chiaro\u2026affinch\u00e9 possano pagare i \u2018contributi\u2019 anche per le pensioni degli autoctoni (gli italiani), come peraltro fa notare il Presidente dell\u2019INPS italiano?<\/p>\n<p style=\"text-align: justify;\">O a fronte di tante delusioni, di non ottenere quel che speravano, nella loro disperazione cercheranno di destabilizzare, sia pur incoscientemente, l\u2019Italia?<\/p>\n<p style=\"text-align: justify;\">Possibile che per egoismo e cecit\u00e0 la maggior parte dei Paesi europei, maggiormente i Balcanici, non vedano i pericoli di un ammassamento in una zona ristretta di questa migrazione epocale irreversibile, che aumenter\u00e0 nel corso dei prossimi anni in maniera esponenziale anche per ragioni climatiche? E se l&#8217;Italia non dovesse pi\u00f9 avere tutta la sua sicurezza e stabilit\u00e0, ne saranno infettati anche gli altri stati europei.<\/p>\n<p style=\"text-align: left;\">L\u2019Europa ha gi\u00e0 perso la sua identit\u00e0; non si torna indietro, quantomeno per normali fenomeni demografici ormai acclarati (si riproducono in numero maggiore rispetto agli europei e quindi\u2026v. per l\u2019Italia <a href=\"http:\/\/www.un.org\/esa\/population\/publications\/ReplMigED\/Italy.pdf\">http:\/\/www.un.org\/esa\/population\/publications\/ReplMigED\/Italy.pdf<\/a>).<\/p>\n<p style=\"text-align: left;\">Almeno per\u00f2 saper gestire questa transizione che non sar\u00e0 poi molto lunga\u2026al massimo venti\/trenta anni sarebbe un buon punto di partenza.<\/p>\n<p style=\"text-align: justify;\">Sembra proprio che i governanti europei non sappiano che fare o forse lo sanno e lo nascondono ai normali cittadini che non sono razzisti ma si fanno molte, troppe domande, per ora senza risposta, vivendo una difficile realt\u00e0 quotidiana nella quale si inserisce anche un terrorismo internazionale di matrice jihadista, spesso realizzato da giovani mediorientali di seconda o terza generazione (v. Francia, Belgio, Gran Bretagna). Ma questo \u00e8 un altro ennesimo problema del mondo occidentale del quale sarebbe opportuno tener conto se possibile.<\/p>\n<p style=\"text-align: justify;\">(v. anche di Paciello <a href=\"http:\/\/www.osservatorioanalitico.com\/?p=7834\">www.osservatorioanalitico.com\/?p=7834<\/a>)<\/p>\n<p style=\"text-align: justify;\">\u00a9<a href=\"http:\/\/www.osservatorioanalitico.com\/\">www.osservatorioanalitico.com<\/a> \u2013 Riproduzione riservata<\/p>\n<p style=\"text-align: justify;\"><img decoding=\"async\" loading=\"lazy\" class=\"aligncenter size-large wp-image-7892\" src=\"http:\/\/www.osservatorioanalitico.com\/wp-content\/uploads\/2017\/07\/3034-503x405.png\" alt=\"3034\" width=\"503\" height=\"405\" srcset=\"https:\/\/www.osservatorioanalitico.com\/wp-content\/uploads\/2017\/07\/3034-503x405.png 503w, https:\/\/www.osservatorioanalitico.com\/wp-content\/uploads\/2017\/07\/3034-248x200.png 248w, https:\/\/www.osservatorioanalitico.com\/wp-content\/uploads\/2017\/07\/3034-768x619.png 768w, https:\/\/www.osservatorioanalitico.com\/wp-content\/uploads\/2017\/07\/3034-300x242.png 300w, https:\/\/www.osservatorioanalitico.com\/wp-content\/uploads\/2017\/07\/3034.png 900w\" sizes=\"(max-width: 503px) 100vw, 503px\" \/><\/p>\n<p>&nbsp;<\/p>\n","protected":false},"excerpt":{"rendered":"<p>E\u2019 molto chiaro che la maggior parte dei Paesi appartenenti all\u2019EU non intendono, almeno per un lungo periodo, farsi carico della migrazione che arriva dalla\u2019Africa, in particolare sub sahariana. Una folla di giovani migranti che fugge alcune volte da guerre ma altre? La maggior parte degli arrivi proviene dalla Nigeria: perch\u00e9? Eppure ben si sa [&hellip;]<\/p>\n","protected":false},"author":42,"featured_media":0,"comment_status":"closed","ping_status":"closed","sticky":false,"template":"","format":"standard","meta":{"jetpack_post_was_ever_published":false,"jetpack_publicize_message":"","jetpack_is_tweetstorm":false,"jetpack_publicize_feature_enabled":true,"jetpack_social_post_already_shared":true,"jetpack_social_options":[]},"categories":[89,7,1,1273],"tags":[29,3527,3528,3529,3526],"jetpack_publicize_connections":[],"aioseo_notices":[],"jetpack_featured_media_url":"","jetpack_shortlink":"https:\/\/wp.me\/p4fe9l-23c","jetpack_likes_enabled":true,"_links":{"self":[{"href":"https:\/\/www.osservatorioanalitico.com\/index.php?rest_route=\/wp\/v2\/posts\/7886"}],"collection":[{"href":"https:\/\/www.osservatorioanalitico.com\/index.php?rest_route=\/wp\/v2\/posts"}],"about":[{"href":"https:\/\/www.osservatorioanalitico.com\/index.php?rest_route=\/wp\/v2\/types\/post"}],"author":[{"embeddable":true,"href":"https:\/\/www.osservatorioanalitico.com\/index.php?rest_route=\/wp\/v2\/users\/42"}],"replies":[{"embeddable":true,"href":"https:\/\/www.osservatorioanalitico.com\/index.php?rest_route=%2Fwp%2Fv2%2Fcomments&post=7886"}],"version-history":[{"count":8,"href":"https:\/\/www.osservatorioanalitico.com\/index.php?rest_route=\/wp\/v2\/posts\/7886\/revisions"}],"predecessor-version":[{"id":7896,"href":"https:\/\/www.osservatorioanalitico.com\/index.php?rest_route=\/wp\/v2\/posts\/7886\/revisions\/7896"}],"wp:attachment":[{"href":"https:\/\/www.osservatorioanalitico.com\/index.php?rest_route=%2Fwp%2Fv2%2Fmedia&parent=7886"}],"wp:term":[{"taxonomy":"category","embeddable":true,"href":"https:\/\/www.osservatorioanalitico.com\/index.php?rest_route=%2Fwp%2Fv2%2Fcategories&post=7886"},{"taxonomy":"post_tag","embeddable":true,"href":"https:\/\/www.osservatorioanalitico.com\/index.php?rest_route=%2Fwp%2Fv2%2Ftags&post=7886"}],"curies":[{"name":"wp","href":"https:\/\/api.w.org\/{rel}","templated":true}]}}