{"id":7446,"date":"2017-01-19T15:36:43","date_gmt":"2017-01-19T14:36:43","guid":{"rendered":"http:\/\/www.osservatorioanalitico.com\/?p=7446"},"modified":"2017-01-19T15:36:43","modified_gmt":"2017-01-19T14:36:43","slug":"il-concetto-di-democrazia-e-le-sue-diverse-gradazioni","status":"publish","type":"post","link":"https:\/\/www.osservatorioanalitico.com\/?p=7446","title":{"rendered":"IL CONCETTO DI DEMOCRAZIA E LE SUE DIVERSE GRADAZIONI"},"content":{"rendered":"<div id=\"attachment_7451\" style=\"width: 569px\" class=\"wp-caption aligncenter\"><img aria-describedby=\"caption-attachment-7451\" decoding=\"async\" loading=\"lazy\" class=\" wp-image-7451\" src=\"http:\/\/www.osservatorioanalitico.com\/wp-content\/uploads\/2017\/01\/iu.jpeg\" alt=\"Samuel Huntington\" width=\"559\" height=\"559\" srcset=\"https:\/\/www.osservatorioanalitico.com\/wp-content\/uploads\/2017\/01\/iu.jpeg 300w, https:\/\/www.osservatorioanalitico.com\/wp-content\/uploads\/2017\/01\/iu-150x150.jpeg 150w, https:\/\/www.osservatorioanalitico.com\/wp-content\/uploads\/2017\/01\/iu-200x200.jpeg 200w\" sizes=\"(max-width: 559px) 100vw, 559px\" \/><p id=\"caption-attachment-7451\" class=\"wp-caption-text\">Samuel Huntington<\/p><\/div>\n<p style=\"text-align: justify;\"><em>Alcune pacate ma dotte riflessioni sulla \u2018democrazia\u2019, parola bellissima che racchiude un concetto di grande civilt\u00e0 ma\u2026.\u00e8 applicabile ovunque e in tutto e per tutto? Io personalmente ho seri dubbi al riguardo.<\/em><\/p>\n<p style=\"text-align: justify;\"><em>Il Direttore scientifico: Maria Gabriella Pasqualini<\/em><\/p>\n<p style=\"text-align: justify;\"><strong>\u00a0<\/strong>La parola &#8220;democrazia&#8221; \u00e8 tra quelle pi\u00f9 usate &#8211; e abusate &#8211; nel lessico del dibattito sociale e politico in tutti in tutti i paesi, dalla consolidata &#8220;vecchia&#8221; Europa al &#8220;giovane&#8221; e tormentato continente africano.<\/p>\n<p style=\"text-align: justify;\">Un Paese non pu\u00f2 essere considerato democratico, in maniera riduttiva, per la semplice acquisizione di un consenso attraverso lo svolgimento di elezioni regolari in cui vi \u00e8 il rispetto formale di alcune regole.<\/p>\n<p style=\"text-align: justify;\">In realt\u00e0, per definirsi tale un Paese ha bisogno di compiere un processo lungo e strutturato di \u201cmaturazione\u201d democratica.<\/p>\n<p style=\"text-align: justify;\">L&#8217;evoluzione di un processo sui cui, da qualche tempo, un&#8217;estesa letteratura politologica s&#8217;interroga, a partire dalle &#8220;ondate&#8221; di democratizzazione che hanno coinvolto i paesi africani, arabi e, in misura minore, asiatici, sino ad arrivare alle rivoluzioni arabe di questi ultimi anni.<\/p>\n<p style=\"text-align: justify;\">Uno dei testi fondamentali \u00e8 il libro dal titolo <em>La terza ondata. I processi di<\/em> <em>democratizzazione alla fine del XX secolo<\/em>, del famoso politologo Samuel Huntington, scomparso dieci anni orsono.<\/p>\n<p style=\"text-align: justify;\">Huntington individua nella storia della democrazia moderna tre \u201condate\u201d di democratizzazione e definisce una &#8220;ondata&#8221; come una serie di passaggi dai regimi autoritari a quelli democratici, concentrati in un tempo determinato e in cui il numero di fenomeni inversi, cio\u00e8 il passaggio dai regimi democratici a quelli autoritari, \u00e8 significativamente inferiore.<\/p>\n<p style=\"text-align: justify;\">L&#8217;autore individua due grosse ondate che si sono verificate tra il 1828 e il 1926 e tra il 1943 e il 1962, seguite entrambe da lunghi periodi di reflusso (passaggi da regimi democratici a regimi autoritari).<\/p>\n<p style=\"text-align: justify;\">La terza \u201condata\u201d inizia con la \u201crivoluzione dei garofani\u201d in Portogallo nel 1974 e arriva ai giorni nostri.<\/p>\n<p style=\"text-align: justify;\">Larry Diamond, politologo all&#8217;Universit\u00e0 di Standford, in tempi successivi riprende lo studio di Huntington e individua una successiva ondata che termina nel 1997 sulla base della considerazione che, dopo una costante crescita tra il 1991 e il 1996, non ci sarebbe stato un&#8217;ulteriore significativo aumento del numero dei paesi democratici e non sembrava che il processo di riforma avrebbe potuto essere rilanciato.<\/p>\n<p style=\"text-align: justify;\">Alla luce dei recenti accadimenti in Medio Oriente e per casi sporadici (forse unico riguardo alla Tunisia), il lavoro potrebbe essere aggiornato.<\/p>\n<p style=\"text-align: justify;\">Nelle societ\u00e0 occidentali quando si parla di democrazia intendiamo quella liberale e costituzionale, o quella &#8220;avanzata&#8221; in cui, oltre alla scelta dei governanti tramite l&#8217;indizione di libere e regolari elezioni, \u00e8 garantito il rispetto della Costituzione e delle leggi.<\/p>\n<p style=\"text-align: justify;\">Una democrazia avanzata che assicura altres\u00ec la separazione dei poteri, la tutela delle libert\u00e0 e dei diritti fondamentali, il funzionamento dell&#8217;apparato giuridico e amministrativo, nonch\u00e9 un pluralismo economico e sociale.<\/p>\n<p style=\"text-align: justify;\">Sparsi per il mondo per\u00f2 ci sono molti esempi di democrazie non liberali in cui, a fronte di elezioni formalmente eque, sono ignorati i limiti imposti dalla Costituzione e calpestati i diritti fondamentali dell&#8217;uomo. E&#8217; il caso delle cosiddette democrazie elettorali o plebiscitarie.<\/p>\n<p style=\"text-align: justify;\">Nelle democrazie liberali per\u00f2 sussistono diverse gradazioni che fanno s\u00ec che alcune democrazie, di fatto, non raggiungono lo stadio di una democrazia avanzata.<\/p>\n<p style=\"text-align: justify;\">In un saggio dal titolo <em>What is democratic consolidation<\/em>, pubblicato anni fa sul &#8220;<em>Journal of Democracy<\/em>&#8220;, il politologo Schedler pone in un unico <em>continuum<\/em> di democraticit\u00e0 crescente quattro tipi di regime: l&#8217;autoritario, la democrazia elettorale, quella liberale e, infine, la democrazia avanzata.<\/p>\n<p style=\"text-align: justify;\">La riflessione pi\u00f9 interessante di Schedler \u00e8 che i modelli di regime presentati hanno tutti il duplice obiettivo di conseguire il livello successivo, evitando di ricadere in quello precedente.<\/p>\n<p style=\"text-align: justify;\">Soprassedendo sul concetto di regime autoritario noto a tutti, possiamo configurare la democrazia elettorale come un regime sostanzialmente aperto a elezioni libere ma che non offre delle garanzie per i diritti civili e politici, come invece si palesa in una democrazia liberale.<\/p>\n<p style=\"text-align: justify;\">Va da s\u00e9 che in una democrazia avanzata \u00e8 garantito un maggior grado di protezione dei diritti e un&#8217;ampia libert\u00e0; non certo la perfezione ma \u00e8 moltissimo se comparata a tutti gli altri regimi.<\/p>\n<p style=\"text-align: justify;\">Per un quadro pi\u00f9 completo \u00e8 opportuno chiarire altri due concetti connessi a quello di democrazia: liberalizzazione e democratizzazione.<\/p>\n<p style=\"text-align: justify;\">Per liberalizzazione intendiamo tutta una serie di riforme attuate con l&#8217;obiettivo di allargare sia i diritti civili sia quelli politici, legalizzare la vasta gamma delle associazioni volontarie, ridurre le forme di censura e garantire l&#8217;indipendenza dei mezzi di comunicazione ecc\u2026<\/p>\n<p style=\"text-align: justify;\">Quando parliamo di democratizzazione a priori inglobiamo il concetto base di liberalizzazione, ma in una veste rafforzata per aumentare la qualit\u00e0 e il livello di democrazia in tutti gli ambiti della societ\u00e0<\/p>\n<p style=\"text-align: justify;\">Una democrazia pu\u00f2 essere anche definita in base al grado di competitivit\u00e0 (o liberalizzazione) e all\u2019ampiezza della partecipazione (o inclusivit\u00e0), come riportato nel &#8220;Manuale di scienza della politica&#8221; del politologo Dahl.<\/p>\n<p style=\"text-align: justify;\">La competitivit\u00e0 \u00e8 intesa come quantit\u00e0 d&#8217;organizzazioni politiche e di societ\u00e0 civile, di partiti politici e di sindacati presenti in un dato sistema politico, mentre la partecipazione e correlata all&#8217;espansione dei diritti politici con riferimento all&#8217;elettorato sia attivo sia passivo e alla possibilit\u00e0 d&#8217;ingresso di nuovi strati della popolazione nell&#8217;arena politica.<\/p>\n<p style=\"text-align: justify;\">Prendendo a prestito le parole del politologo Gianfranco Pasquino, la partecipazione \u00e8 correlata alla &#8220;\u2026<em>rottura del principio plebiscitario e all&#8217;organizzazione degli interessi intermedi<\/em>\u2026&#8221;, quindi alla nascita e allo sviluppo, in tempi e con modi differenti, dei partiti politici e dei sindacati.<\/p>\n<p style=\"text-align: justify;\">Da quanto su esposto, emerge chiaramente che una democrazia compiuta \u00e8 il migliore di tutti i sistemi politici esistenti anche se, per la verit\u00e0, sono pochi (issimi) i regimi nel mondo che rispondono a un ideale democratico che supporrebbe l&#8217;onest\u00e0 dei potenti nei riguardi dei propri cittadini.<\/p>\n<p style=\"text-align: justify;\"><u>Inevitabilmente e senza entusiasmo, ci si deve accontentare di un sistema che garantisca alcuni imprescindibili criteri tra cui le libere elezioni, un&#8217;opposizione organizzata, il diritto all&#8217;alternanza politica, un sistema giudiziario indipendente dalla politica, un&#8217;informazione libera e non cassa di risonanza del potere.<\/u><\/p>\n<p style=\"text-align: justify;\">\u00a9<a href=\"http:\/\/www.osservatorioanalitico.com\/\">www.osservatorioanalitico.com<\/a> \u2013 Riproduzione riservata<\/p>\n<p style=\"text-align: justify;\"><u><img decoding=\"async\" loading=\"lazy\" class=\"aligncenter wp-image-7453\" src=\"http:\/\/www.osservatorioanalitico.com\/wp-content\/uploads\/2017\/01\/cvr9781451628975_9781451628975_lg.jpg\" alt=\"cvr9781451628975_9781451628975_lg\" width=\"306\" height=\"466\" srcset=\"https:\/\/www.osservatorioanalitico.com\/wp-content\/uploads\/2017\/01\/cvr9781451628975_9781451628975_lg.jpg 230w, https:\/\/www.osservatorioanalitico.com\/wp-content\/uploads\/2017\/01\/cvr9781451628975_9781451628975_lg-131x200.jpg 131w\" sizes=\"(max-width: 306px) 100vw, 306px\" \/><\/u><\/p>\n<p>&nbsp;<\/p>\n","protected":false},"excerpt":{"rendered":"<p>Alcune pacate ma dotte riflessioni sulla \u2018democrazia\u2019, parola bellissima che racchiude un concetto di grande civilt\u00e0 ma\u2026.\u00e8 applicabile ovunque e in tutto e per tutto? Io personalmente ho seri dubbi al riguardo.<\/p>\n","protected":false},"author":26,"featured_media":7451,"comment_status":"closed","ping_status":"closed","sticky":false,"template":"","format":"standard","meta":{"jetpack_post_was_ever_published":false,"jetpack_publicize_message":"","jetpack_is_tweetstorm":false,"jetpack_publicize_feature_enabled":true,"jetpack_social_post_already_shared":true,"jetpack_social_options":[]},"categories":[4,6,5,7,131,1291],"tags":[987,3276,3271,3275,3274,3272,3273],"jetpack_publicize_connections":[],"aioseo_notices":[],"jetpack_featured_media_url":"https:\/\/www.osservatorioanalitico.com\/wp-content\/uploads\/2017\/01\/iu.jpeg","jetpack_shortlink":"https:\/\/wp.me\/p4fe9l-1W6","jetpack_likes_enabled":true,"_links":{"self":[{"href":"https:\/\/www.osservatorioanalitico.com\/index.php?rest_route=\/wp\/v2\/posts\/7446"}],"collection":[{"href":"https:\/\/www.osservatorioanalitico.com\/index.php?rest_route=\/wp\/v2\/posts"}],"about":[{"href":"https:\/\/www.osservatorioanalitico.com\/index.php?rest_route=\/wp\/v2\/types\/post"}],"author":[{"embeddable":true,"href":"https:\/\/www.osservatorioanalitico.com\/index.php?rest_route=\/wp\/v2\/users\/26"}],"replies":[{"embeddable":true,"href":"https:\/\/www.osservatorioanalitico.com\/index.php?rest_route=%2Fwp%2Fv2%2Fcomments&post=7446"}],"version-history":[{"count":5,"href":"https:\/\/www.osservatorioanalitico.com\/index.php?rest_route=\/wp\/v2\/posts\/7446\/revisions"}],"predecessor-version":[{"id":7454,"href":"https:\/\/www.osservatorioanalitico.com\/index.php?rest_route=\/wp\/v2\/posts\/7446\/revisions\/7454"}],"wp:featuredmedia":[{"embeddable":true,"href":"https:\/\/www.osservatorioanalitico.com\/index.php?rest_route=\/wp\/v2\/media\/7451"}],"wp:attachment":[{"href":"https:\/\/www.osservatorioanalitico.com\/index.php?rest_route=%2Fwp%2Fv2%2Fmedia&parent=7446"}],"wp:term":[{"taxonomy":"category","embeddable":true,"href":"https:\/\/www.osservatorioanalitico.com\/index.php?rest_route=%2Fwp%2Fv2%2Fcategories&post=7446"},{"taxonomy":"post_tag","embeddable":true,"href":"https:\/\/www.osservatorioanalitico.com\/index.php?rest_route=%2Fwp%2Fv2%2Ftags&post=7446"}],"curies":[{"name":"wp","href":"https:\/\/api.w.org\/{rel}","templated":true}]}}