{"id":6831,"date":"2016-06-09T09:44:09","date_gmt":"2016-06-09T08:44:09","guid":{"rendered":"http:\/\/www.osservatorioanalitico.com\/?p=6831"},"modified":"2016-06-09T09:44:09","modified_gmt":"2016-06-09T08:44:09","slug":"le-guerre-del-sahel","status":"publish","type":"post","link":"https:\/\/www.osservatorioanalitico.com\/?p=6831","title":{"rendered":"LE GUERRE DEL SAHEL"},"content":{"rendered":"<div id=\"attachment_6833\" style=\"width: 560px\" class=\"wp-caption aligncenter\"><img aria-describedby=\"caption-attachment-6833\" decoding=\"async\" loading=\"lazy\" class=\" wp-image-6833\" src=\"http:\/\/www.osservatorioanalitico.com\/wp-content\/uploads\/2016\/06\/071984___sahel.jpg\" alt=\"Il Sahel\" width=\"550\" height=\"390\" srcset=\"https:\/\/www.osservatorioanalitico.com\/wp-content\/uploads\/2016\/06\/071984___sahel.jpg 926w, https:\/\/www.osservatorioanalitico.com\/wp-content\/uploads\/2016\/06\/071984___sahel-280x200.jpg 280w, https:\/\/www.osservatorioanalitico.com\/wp-content\/uploads\/2016\/06\/071984___sahel-570x405.jpg 570w, https:\/\/www.osservatorioanalitico.com\/wp-content\/uploads\/2016\/06\/071984___sahel-300x213.jpg 300w\" sizes=\"(max-width: 550px) 100vw, 550px\" \/><p id=\"caption-attachment-6833\" class=\"wp-caption-text\">Il Sahel<\/p><\/div>\n<p style=\"text-align: justify;\"><em>Come mai abbiamo un\u2019immigrazione africana sahariana molto consistente\u2026? La situazione \u00e8 molto difficile nel Sahel e questo sintetico articolo in poche righe spiega come in un film fatto a flash quel che \u00e8 accaduto in quelle terre desertiche ma popolate di appetiti anche neo-coloniali.<\/em><\/p>\n<p style=\"text-align: justify;\"><em>Il Direttore scientifico: Maria Gabriella Pasqualini<\/em><\/p>\n<p style=\"text-align: justify;\">La devastazione del Sahel ha radice nella \u201cguerra umanitaria\u201d scatenata in Libia nel febbraio 2011 per proteggere i civili minacciati dal regime libico.<\/p>\n<p style=\"text-align: justify;\">In realt\u00e0, USA, Gran Bretagna e Francia, dopo avere armato in Cirenaica nuclei selezionati fra i manifestanti contro Gheddafi, nell\u2019arco di due settimane ottengono ben due Risoluzioni dal Consiglio di Sicurezza ONU che autorizzano la \u201cno flight zone\u201d per tutela dei civili.<\/p>\n<p style=\"text-align: justify;\">I Paesi interessati, a guida NATO subentrata agli USA, ne applicano un\u2019interpretazione estensiva e avviano una guerra che si trasforma subito nel caos che perdura ancora oggi.<\/p>\n<p style=\"text-align: justify;\">Non manca il vilipendio e l\u2019assassinio di Gheddafi a ottobre dello stesso anno.<\/p>\n<p style=\"text-align: justify;\">Se la Libia, dopo i numerosi Vertici organizzati dall\u2019 ONU, \u00e8 guidata da tre Governi con i rispettivi ministri e registra oltre 1.700 milizie in lotta fra loro, non \u00e8 da meno il Sahel, divenuto terreno di scontro privilegiato.<\/p>\n<p style=\"text-align: justify;\">La caduta del regime gheddafiano provoca l\u2019immediato ritorno dei tuareg reclutati dal Gheddafi, il contrabbando dell\u2019armamento saccheggiato dalle caserme libiche e una serie di conflitti in tutto il Sahel, iniziando dal vicino Mali.<\/p>\n<p style=\"text-align: justify;\">Appena un anno dopo, si riversano in Mali milizie di diverso orientamento: il \u201cMovimento Nazionale di Liberazione dell\u2019Azawad\u201d (Mnla), che riunisce i tuareg indipendentisti; milizie vicine ad \u201cAl Qaeda in the Islamic Maghreb\u201d (AQIM); Ansar Ed-Dine, guidate dal tuareg Ag Ghaly, che intende instaurare la \u201cshari\u2019a\u201d (legge islamica); il \u201cMovimento per l\u2019Unicit\u00e0 e il Jihad in Africa Occidentale\u201d (Mujao), di fatto operante con contrabbandieri.<\/p>\n<p style=\"text-align: justify;\">Non manca l\u2019immediato intervento francese che con autorizzazione ONU a dicembre 2012 avvia l\u2019 \u201cOperazione Serval\u201d prevista per 6 mesi e poi prorogata con l\u2019 \u201cOperazione Barkane\u201d tuttora attiva con 3 mila soldati attivi in Burkina Faso, Ciad, Mali, Mauritania e Niger supportata da soldati africani e della Nazioni Unite.<\/p>\n<p style=\"text-align: justify;\">L\u2019insediamento governativo in Mali non frena le milizie come dimostra il gruppo dei \u201cMurabitun\u201d di Mokhtar Belmokhtar che a novembre 2015 attacca la capitale Bamako e due mesi dopo Ouagadougu.<\/p>\n<p style=\"text-align: justify;\">In passato invece, il Mali con il governo del presidente Amadaou Toumani Tour\u00e8 (2002 \u2013 2012) era tollerante verso le attivit\u00e0 dei jihadisti settentrionali purch\u00e9 localizzati nel Nord del Paese e rimaneva pi\u00f9 stabile di adesso.<\/p>\n<p style=\"text-align: justify;\">Il vicino Burkina Faso aveva una policy diversa.<\/p>\n<p style=\"text-align: justify;\">L\u2019ex capo di Stato Blaise Campaor\u00e8 (1987 \u2013 2014), in contatto con gruppi criminali dediti a contrabbando e a sequestri di persona, si presentava come mediatore per la liberazione degli ostaggi.<\/p>\n<p style=\"text-align: justify;\">Dal 2015, dissolta la sicurezza presidenziale, la ristrutturazione del comparto informativo si rivela inadeguata esponendo il Paese ad attacchi terroristici.<\/p>\n<p style=\"text-align: justify;\">Allargando l\u2019orizzonte in questa \u201czona grigia\u201d con frontiere porose perch\u00e9 mai legittimate dopo il riconoscimento internazionale al momento della decolonizzazione, la realt\u00e0 sul terreno narra esplosione demografica, fragilit\u00e0 climatica con erosione delle zone agricole, assenza di prospettive per i giovani, contrabbando di droga armi e persone, corruzione istituzionale diffusa, apparati di sicurezza inadeguati.<\/p>\n<p style=\"text-align: justify;\">In Nigeria i militanti del Boko Haram (L\u2019Occidente \u00e8 peccato) guidati da Abubakr Shekau, sincresi di criminalit\u00e0 e terrorismo, dalla roccaforte dello Stato di Borno a Est, esegue attentati nel Nord del Camerun e all\u2019Ovest in Ciad, con un bilancio che tra il 2009 e il 2015 supera le 17 mila vittime.<\/p>\n<p style=\"text-align: justify;\">Nel 2015 si allea con Daesh come fanno i gruppi Mujao, Ansar Beit al Maqdis in Sinai, Majilis Chura Chabab al Islam in Libia e frazioni di al-Shabaab in Somalia.<\/p>\n<p style=\"text-align: justify;\">L\u2019osmosi dei militanti del Sahel si verifica, dall\u2019anno successivo alla morte di Gheddafi, anche verso Al Qaeda, da parte di gruppi di al Shabaab somalo, \u201cFronte di liberazione del Macina\u201d (Flm) fulano del Mali, Ansar ed-Dine, Al Murabitun \u2013 nato dalla fusione con il Mujao e i Firmatari del sangue \u2013 creato nel 2012 da Belmokhtar.<\/p>\n<p style=\"text-align: justify;\">Nel Nord della Nigeria, l\u2019attuale presidente, Muhammadu Buhari, originario di quella zona ed eletto nel 2015, avvia la lotta contro la corruzione, promuove una cooperazione regionale ma non riesce a fermare Boko Haram per la perdurante collusione di politici e militari con il movimento terrorista.<\/p>\n<p style=\"text-align: justify;\">In realt\u00e0, la popolazione dell\u2019intero Sahel, sunnita di scuola malikita e con pratiche sufi-animiste, subisce l\u2019influenza di un Islam rigorista finanziato da Paesi arabi che hanno aperto moschee e scuole coraniche attraverso associazioni del Qatar, fondi sauditi, legami tra il Marocco e l\u2019Flm.<\/p>\n<p style=\"text-align: justify;\">Ricaduta negativa sul Sahel hanno anche avuto le vicine guerre scatenate in Iraq, Libia e Siria.<\/p>\n<p style=\"text-align: justify;\">Nel 2016, altri due paesi, Costa d\u2019Avorio (gi\u00e0 in pericolo nel 2011) e Senegal, aderenti alla \u201clettura evoluzionista\u201d dell\u2019Islam, registrano una forte crescita del salafismo che accusano di avere radicalizzato numerosi giovani inducendoli a recarsi in Siria per riunirsi a Daesh e combattere contro quel regime.<\/p>\n<p style=\"text-align: justify;\">\u00a9<a href=\"http:\/\/www.osservatorioanalitico.com\/\">www.osservatorioanalitico.com<\/a> \u2013 Riproduzione riservata<\/p>\n<div id=\"attachment_6837\" style=\"width: 650px\" class=\"wp-caption aligncenter\"><img aria-describedby=\"caption-attachment-6837\" decoding=\"async\" loading=\"lazy\" class=\"size-full wp-image-6837\" src=\"http:\/\/www.osservatorioanalitico.com\/wp-content\/uploads\/2016\/06\/colorati-i-paesi-del-sahel.gif\" alt=\"I paesi del Sahel\" width=\"640\" height=\"556\" \/><p id=\"caption-attachment-6837\" class=\"wp-caption-text\">I paesi del Sahel<\/p><\/div>\n","protected":false},"excerpt":{"rendered":"<p>La devastazione del Sahel ha radice nella \u201cguerra umanitaria\u201d scatenata in Libia nel febbraio 2011 per proteggere i civili minacciati dal regime libico.<\/p>\n","protected":false},"author":2122,"featured_media":0,"comment_status":"closed","ping_status":"closed","sticky":false,"template":"","format":"standard","meta":{"jetpack_post_was_ever_published":false,"jetpack_publicize_message":"","jetpack_is_tweetstorm":false,"jetpack_publicize_feature_enabled":true,"jetpack_social_post_already_shared":true,"jetpack_social_options":[]},"categories":[4,89,487,2101,1285,2550,2102,86,2901],"tags":[2893,2896,2895,2900,2894,2898,2897,2892,415,2899],"jetpack_publicize_connections":[],"aioseo_notices":[],"jetpack_featured_media_url":"","jetpack_shortlink":"https:\/\/wp.me\/p4fe9l-1Mb","jetpack_likes_enabled":true,"_links":{"self":[{"href":"https:\/\/www.osservatorioanalitico.com\/index.php?rest_route=\/wp\/v2\/posts\/6831"}],"collection":[{"href":"https:\/\/www.osservatorioanalitico.com\/index.php?rest_route=\/wp\/v2\/posts"}],"about":[{"href":"https:\/\/www.osservatorioanalitico.com\/index.php?rest_route=\/wp\/v2\/types\/post"}],"author":[{"embeddable":true,"href":"https:\/\/www.osservatorioanalitico.com\/index.php?rest_route=\/wp\/v2\/users\/2122"}],"replies":[{"embeddable":true,"href":"https:\/\/www.osservatorioanalitico.com\/index.php?rest_route=%2Fwp%2Fv2%2Fcomments&post=6831"}],"version-history":[{"count":6,"href":"https:\/\/www.osservatorioanalitico.com\/index.php?rest_route=\/wp\/v2\/posts\/6831\/revisions"}],"predecessor-version":[{"id":6839,"href":"https:\/\/www.osservatorioanalitico.com\/index.php?rest_route=\/wp\/v2\/posts\/6831\/revisions\/6839"}],"wp:attachment":[{"href":"https:\/\/www.osservatorioanalitico.com\/index.php?rest_route=%2Fwp%2Fv2%2Fmedia&parent=6831"}],"wp:term":[{"taxonomy":"category","embeddable":true,"href":"https:\/\/www.osservatorioanalitico.com\/index.php?rest_route=%2Fwp%2Fv2%2Fcategories&post=6831"},{"taxonomy":"post_tag","embeddable":true,"href":"https:\/\/www.osservatorioanalitico.com\/index.php?rest_route=%2Fwp%2Fv2%2Ftags&post=6831"}],"curies":[{"name":"wp","href":"https:\/\/api.w.org\/{rel}","templated":true}]}}