{"id":5858,"date":"2015-09-21T16:22:46","date_gmt":"2015-09-21T15:22:46","guid":{"rendered":"http:\/\/www.osservatorioanalitico.com\/?p=5858"},"modified":"2015-09-21T16:22:46","modified_gmt":"2015-09-21T15:22:46","slug":"i-conflitti-nascosti-burkina-faso","status":"publish","type":"post","link":"https:\/\/www.osservatorioanalitico.com\/?p=5858","title":{"rendered":"I CONFLITTI NASCOSTI. BURKINA FASO"},"content":{"rendered":"<p>&nbsp;<\/p>\n<p>&nbsp;<\/p>\n<div id=\"attachment_5860\" style=\"width: 337px\" class=\"wp-caption aligncenter\"><img aria-describedby=\"caption-attachment-5860\" decoding=\"async\" loading=\"lazy\" class=\"size-full wp-image-5860\" src=\"http:\/\/www.osservatorioanalitico.com\/wp-content\/uploads\/2015\/09\/mappa.jpg\" alt=\"Burkina Faso\" width=\"327\" height=\"352\" srcset=\"https:\/\/www.osservatorioanalitico.com\/wp-content\/uploads\/2015\/09\/mappa.jpg 327w, https:\/\/www.osservatorioanalitico.com\/wp-content\/uploads\/2015\/09\/mappa-186x200.jpg 186w, https:\/\/www.osservatorioanalitico.com\/wp-content\/uploads\/2015\/09\/mappa-300x323.jpg 300w\" sizes=\"(max-width: 327px) 100vw, 327px\" \/><p id=\"caption-attachment-5860\" class=\"wp-caption-text\">Burkina Faso<\/p><\/div>\n<p style=\"text-align: justify;\"><em>Conflitti nascosti, conflitti dimenticati. Altra spinta all\u2019immigrazione in Europa\u2026Burkina Faso: altra guerra nell\u2019Africa sub sahariana sta per scoppiare?<\/em><\/p>\n<p style=\"text-align: justify;\">Il Direttore scientifico: Maria Gabriella Pasqualini<\/p>\n<p style=\"text-align: justify;\">Con sospetto tempismo rispetto alle elezioni legislative e presidenziali programmate l\u201911 ottobre, il 17 settembre un colpo di Stato riporta il Burkina Faso al passato.<\/p>\n<p style=\"text-align: justify;\">Gilbert Diender\u00e9, ex capo di stato maggiore e braccio armato del dittatore Blais\u00e9 Compaor\u00e9, spalleggiato da militari del Reggimento della Guardia Presidenziale, irrompe nel palazzo governativo della capitale Ouagadougou dove era in corso il consiglio dei ministri.<\/p>\n<p style=\"text-align: justify;\">Scioglie Governo e Consiglio Nazionale di Transizione, sequestra il presidente Michel Kafando, il primo ministro Isaac Zida e altri esponenti governativi.<\/p>\n<p style=\"text-align: justify;\">Inoltre, impone la chiusura delle frontiere di terra e mare, il coprifuoco, l\u2019oscuramento dei media e la repressione di ogni manifestazione.<\/p>\n<p style=\"text-align: justify;\">Avviene a poco meno di un anno dal colpo di Stato contro Compaor\u00e9 che dopo aver guidato il Paese per 27 anni protetto dall\u2019 R.S.P. e una rete di fedelissimi era pronto ad approvare un emendamento della Costituzione per un\u2019altra sua candidatura.<\/p>\n<p style=\"text-align: justify;\">Diender\u00e9, a capo del neonato gruppo Consiglio Nazionale della Democrazia, assume il potere mentre in tutto il Paese esplodono proteste attivate dai social network che chiamano la popolazione a una resistenza senza tregua e alla mobilitazione della Commissione Nazionale per la Riconciliazione.<\/p>\n<p style=\"text-align: justify;\">Il generale Zagr\u00e9, capo di stato maggiore dell\u2019esercito, interviene con un comunicato di condanna delle violenze contro la popolazione prendendo le distanze dall\u2019SRP e dal generale Diender\u00e9.<\/p>\n<p style=\"text-align: justify;\">Dal giorno dopo il golpe i presidenti di Senegal, Macky Sall, e Benin, Boni Yayi, si riuniscono all\u2019Hotel Laica di Ouagadougou per tentare una mediazione.<\/p>\n<p style=\"text-align: justify;\">Contestualmente all\u2019evento, Compaor\u00e9 lascia il Marocco e si sposta nel Congo-Brazaville.<\/p>\n<p style=\"text-align: justify;\">Si apre in Africa un altro focolaio di crisi che richiamer\u00e0 i consueti attori esterni pronti a offrirsi per missioni di peace-keeping o aiuti umanitari.<\/p>\n<p style=\"text-align: justify;\">Probabilmente fra i protagonisti potrebbe esserci la Francia, in passato vicina a Compaor\u00e9.<\/p>\n<p style=\"text-align: justify;\">In Africa Parigi ha una base militare nella capitale del Burkina e pu\u00f2 contare anche sulle altre dislocate nell\u2019intero continente.<\/p>\n<div id=\"attachment_5864\" style=\"width: 435px\" class=\"wp-caption aligncenter\"><img aria-describedby=\"caption-attachment-5864\" decoding=\"async\" loading=\"lazy\" class=\"size-full wp-image-5864\" src=\"http:\/\/www.osservatorioanalitico.com\/wp-content\/uploads\/2015\/09\/infographiecentrafrique.jpg\" alt=\"Presenza militare francese in Africa\" width=\"425\" height=\"360\" srcset=\"https:\/\/www.osservatorioanalitico.com\/wp-content\/uploads\/2015\/09\/infographiecentrafrique.jpg 425w, https:\/\/www.osservatorioanalitico.com\/wp-content\/uploads\/2015\/09\/infographiecentrafrique-236x200.jpg 236w, https:\/\/www.osservatorioanalitico.com\/wp-content\/uploads\/2015\/09\/infographiecentrafrique-300x254.jpg 300w\" sizes=\"(max-width: 425px) 100vw, 425px\" \/><p id=\"caption-attachment-5864\" class=\"wp-caption-text\">Presenza militare francese in Africa (Fonte: Ministero della Difesa francese)<\/p><\/div>\n<p style=\"text-align: justify;\">Le basi sono in:<\/p>\n<ul style=\"text-align: justify;\">\n<li>Mauritania ad Atar;<\/li>\n<li>Senegal a Dakar;<\/li>\n<li>Costa d\u2019Avorio ad Abijian, dove Parigi interviene ad aprile 2011 con la Forza Licorne di 1.650 soldati a sostegno dei caschi blu dell\u2019UNOCI, la missione ONU, per bombardare le truppe del Presidente ivoriano uscente, Laurent Gbagbo, che rifiutava di cedere il potere al suo rivale Alessane Ouattra, riconosciuto vincitore delle elezioni del novembre 2010. L\u2019operazione, giustificata con un\u2019estensiva interpretazione della Risoluzione 1975\/2011 del Consiglio di Sicurezza ONU, \u00e8 coeva all\u2019intervento in Libia;<\/li>\n<li>Niger a Niamey, insieme agli USA, e D\u2019amena;<\/li>\n<li>Mali a Gao e Tessalit, altro Paese dove la Francia interviene nel gennaio 2013 per una missione di peace keeping prevista per 6 mesi e ancora in corso. L\u2019ulteriore conflitto in Africa, dopo i due in Libia e Costa d\u2019Avorio oltre quella in Siria con il Gruppo degli Amici della Siria, nasce su richiesta del presidente Dioncoundera Traor\u00e9 per l\u2019assalto portato nel Paese dall\u2019MLNA, il Movimento per la Liberazione Nazionale Azawad, formato da etnie berbera e tuareg, e da organizzazioni qaediste come Al Qaeda in the Islamic Maghreb, Ansar e-Dine e Mujao. L\u2019operazione, avallata da ONU e USA, in realt\u00e0 mira al sottosuolo del Mali, ricco di giacimenti di oro, petrolio, gas e soprattutto di uranio che serve alla Francia per alimentare le 60 centrali nucleari dipendenti dall\u2019uranio africano;<\/li>\n<li>Congo a Libreville;<\/li>\n<li>Chad a N\u2019Djamen, con gli USA, Ab\u00e9ch\u00e9 e Fra Largeau e Zouar;<\/li>\n<li>a Gibuti nella capitale, con gli USA.<\/li>\n<\/ul>\n<p style=\"text-align: justify;\">La situazione presenta diverse linee di frattura.<\/p>\n<p style=\"text-align: justify;\">La forzata deposizione di Compaor\u00e9 fu accompagnata da una campagna mediatica che indicava in lui il mentore dell\u2019assassinio del leader Thomas Sankara, il rivoluzionario che fra il 1983 e la sua uccisione 4 anni dopo riform\u00f2 il Paese sul piano socio-economico.<\/p>\n<p style=\"text-align: justify;\">Secondo questa campagna Dieder\u00e9 sarebbe stato l\u2019autore dell\u2019arresto di Sankara e della successiva morte.<\/p>\n<p style=\"text-align: justify;\">Dalla rivolta del 2014 si \u00e8 lacerato il rapporto tra le forze armate, in particolare il RAP, e la societ\u00e0 civile, che richiede lo smantellamento del Reggimento, considerato il braccio armato del precedente presidente.<\/p>\n<p style=\"text-align: justify;\">E\u2019 in corso il dibattito sui crimini impuniti del regime passato in una societ\u00e0 che in questo ultimo anno ha ripreso vigore e attraverso i media \u00e8 in grado di mobilitarsi.<\/p>\n<p style=\"text-align: justify;\">La decisione del colpo di Stato potrebbe essere stata assunta ad aprile, quando il parlamento transitorio approva un modulo elettorale che vieta la candidatura di esponenti risultati favorevoli al progetto di riforma preparato da Compaor\u00e9 per restare al potere.<\/p>\n<p style=\"text-align: justify;\">E proprio poche settimane prima il consiglio costituzionale esclude dalla competizione elettorale diversi candidati.<\/p>\n<p style=\"text-align: justify;\">Un\u2019altra guerra ha inizio.<\/p>\n<p style=\"text-align: justify;\">\u00a9<a href=\"http:\/\/www.osservatorioanalitico.com\/\">www.osservatorioanalitico.com<\/a> \u2013 Riproduzione riservata<\/p>\n","protected":false},"excerpt":{"rendered":"<p>Conflitti nascosti, conflitti dimenticati. Altra spinta all\u2019immigrazione in Europa\u2026Burkina Faso: altra guerra nell\u2019Africa sub sahariana sta per scoppiare?<\/p>\n","protected":false},"author":1,"featured_media":5860,"comment_status":"closed","ping_status":"closed","sticky":false,"template":"","format":"standard","meta":{"jetpack_post_was_ever_published":false,"jetpack_publicize_message":"","jetpack_is_tweetstorm":false,"jetpack_publicize_feature_enabled":true,"jetpack_social_post_already_shared":true,"jetpack_social_options":[]},"categories":[4,487],"tags":[2443,837,2446,2444,2445,2447,2448],"jetpack_publicize_connections":[],"aioseo_notices":[],"jetpack_featured_media_url":"https:\/\/www.osservatorioanalitico.com\/wp-content\/uploads\/2015\/09\/mappa.jpg","jetpack_shortlink":"https:\/\/wp.me\/p4fe9l-1wu","jetpack_likes_enabled":true,"_links":{"self":[{"href":"https:\/\/www.osservatorioanalitico.com\/index.php?rest_route=\/wp\/v2\/posts\/5858"}],"collection":[{"href":"https:\/\/www.osservatorioanalitico.com\/index.php?rest_route=\/wp\/v2\/posts"}],"about":[{"href":"https:\/\/www.osservatorioanalitico.com\/index.php?rest_route=\/wp\/v2\/types\/post"}],"author":[{"embeddable":true,"href":"https:\/\/www.osservatorioanalitico.com\/index.php?rest_route=\/wp\/v2\/users\/1"}],"replies":[{"embeddable":true,"href":"https:\/\/www.osservatorioanalitico.com\/index.php?rest_route=%2Fwp%2Fv2%2Fcomments&post=5858"}],"version-history":[{"count":4,"href":"https:\/\/www.osservatorioanalitico.com\/index.php?rest_route=\/wp\/v2\/posts\/5858\/revisions"}],"predecessor-version":[{"id":5865,"href":"https:\/\/www.osservatorioanalitico.com\/index.php?rest_route=\/wp\/v2\/posts\/5858\/revisions\/5865"}],"wp:featuredmedia":[{"embeddable":true,"href":"https:\/\/www.osservatorioanalitico.com\/index.php?rest_route=\/wp\/v2\/media\/5860"}],"wp:attachment":[{"href":"https:\/\/www.osservatorioanalitico.com\/index.php?rest_route=%2Fwp%2Fv2%2Fmedia&parent=5858"}],"wp:term":[{"taxonomy":"category","embeddable":true,"href":"https:\/\/www.osservatorioanalitico.com\/index.php?rest_route=%2Fwp%2Fv2%2Fcategories&post=5858"},{"taxonomy":"post_tag","embeddable":true,"href":"https:\/\/www.osservatorioanalitico.com\/index.php?rest_route=%2Fwp%2Fv2%2Ftags&post=5858"}],"curies":[{"name":"wp","href":"https:\/\/api.w.org\/{rel}","templated":true}]}}