{"id":5835,"date":"2015-09-14T16:33:05","date_gmt":"2015-09-14T15:33:05","guid":{"rendered":"http:\/\/www.osservatorioanalitico.com\/?p=5835"},"modified":"2015-09-14T16:33:05","modified_gmt":"2015-09-14T15:33:05","slug":"qualche-breve-riflessione-sulla-migrazione-epocale-in-atto","status":"publish","type":"post","link":"https:\/\/www.osservatorioanalitico.com\/?p=5835","title":{"rendered":"Qualche breve riflessione sulla migrazione epocale in atto."},"content":{"rendered":"<p style=\"text-align: justify;\"><img decoding=\"async\" loading=\"lazy\" class=\"aligncenter size-large wp-image-5839\" src=\"http:\/\/www.osservatorioanalitico.com\/wp-content\/uploads\/2015\/09\/syri-MMAP-md-574x405.png\" alt=\"syri-MMAP-md\" width=\"574\" height=\"405\" srcset=\"https:\/\/www.osservatorioanalitico.com\/wp-content\/uploads\/2015\/09\/syri-MMAP-md-574x405.png 574w, https:\/\/www.osservatorioanalitico.com\/wp-content\/uploads\/2015\/09\/syri-MMAP-md-280x198.png 280w, https:\/\/www.osservatorioanalitico.com\/wp-content\/uploads\/2015\/09\/syri-MMAP-md-300x212.png 300w, https:\/\/www.osservatorioanalitico.com\/wp-content\/uploads\/2015\/09\/syri-MMAP-md.png 1030w\" sizes=\"(max-width: 574px) 100vw, 574px\" \/><\/p>\n<p style=\"text-align: justify;\"><em>Qualche breve riflessione sulla migrazione epocale in atto.<\/em><\/p>\n<p style=\"text-align: justify;\"><em>Il Direttore scientifico: Maria Gabriella Pasqualini<\/em><\/p>\n<p style=\"text-align: justify;\">Ho aspettato qualche tempo per proporre alcune mie riflessioni (non tutte) su quanto sta accadendo in Europa e in Medio Oriente, in termini di migrazioni a carattere \u2018biblico\u2019. La Bibbia ci ricorda l\u2019esodo degli Ebrei schiavi dall\u2019Egitto e la massa di rifugiati che camminava lungo le rotaie del treno nei Balcani mi ha riportato alla mente appunto gli Ebrei, che grazie a qualche anomalo andamento delle maree, riuscirono a passare il Mar di Giunco (il Mar Rosso) verso la Palestina, lasciandosi dietro il Faraone con i suoi carri travolti dal mare\u2026<\/p>\n<p style=\"text-align: justify;\">Mi sono posta varie domande.<\/p>\n<p style=\"text-align: justify;\"><em>La prima<\/em>: \u00e8 un evento che si pu\u00f2 arrestare?<\/p>\n<p style=\"text-align: justify;\">No. E\u2019 stato non valutato o sottovalutato per lungo tempo e ora \u00e8 inarrestabile. Sono almeno tre anni che i siriani hanno iniziato a rifugiarsi in Libano e in Turchia e in parte anche in Giordania. Il Libano non ne pu\u00f2 pi\u00f9 accogliere e gli altri due territori hanno seri problemi interni di stabilit\u00e0 oltre che di organizzazione dell\u2019accoglienza, anche se aiutati dalle organizzazioni internazionali, governative o non.<\/p>\n<p style=\"text-align: justify;\"><em><img decoding=\"async\" loading=\"lazy\" class=\"alignleft size-large wp-image-5843\" src=\"http:\/\/www.osservatorioanalitico.com\/wp-content\/uploads\/2015\/09\/Schermata-2013-08-31-alle-16.03.14-580x313.jpg\" alt=\"Schermata-2013-08-31-alle-16.03.14\" width=\"580\" height=\"313\" srcset=\"https:\/\/www.osservatorioanalitico.com\/wp-content\/uploads\/2015\/09\/Schermata-2013-08-31-alle-16.03.14-580x313.jpg 580w, https:\/\/www.osservatorioanalitico.com\/wp-content\/uploads\/2015\/09\/Schermata-2013-08-31-alle-16.03.14-280x151.jpg 280w, https:\/\/www.osservatorioanalitico.com\/wp-content\/uploads\/2015\/09\/Schermata-2013-08-31-alle-16.03.14-300x162.jpg 300w, https:\/\/www.osservatorioanalitico.com\/wp-content\/uploads\/2015\/09\/Schermata-2013-08-31-alle-16.03.14.jpg 625w\" sizes=\"(max-width: 580px) 100vw, 580px\" \/>La seconda<\/em>: \u00e8 un evento reversibile?<\/p>\n<p style=\"text-align: justify;\">Certamente no: il flusso \u00e8 ormai inarrestabile e anche se mai dovesse tornare la vera e definitiva pace in Medio Oriente, poich\u00e9 saranno passati alcuni anni, almeno un quinquennio, se non un decennio, non sar\u00e0 pi\u00f9 possibile sradicare intere famiglie che, si suppone e si spera, siano riuscite a trovare una loro \u2018posizione\u2019 nella societ\u00e0 europea; il che non vuol dire necessariamente piena integrazione. I Muri di \u2018contenimento\u2019 non servono: sono solo strumenti palliativi per tentare di allentare il flusso dei rifugiati. Lo si \u00e8 visto bene: fermando i treni ad esempio, la massa dei rifugiati a piedi ha sconfitto governi e polizie locali. E se chiuderanno le frontiere, la pressione dei rifugiati sar\u00e0 cos\u00ec forte che quelle frontiere si apriranno come si apr\u00ec il Mar Rosso di fronte a 600.000 (questa \u00e8 la stima) laceri Ebrei in fuga.<\/p>\n<p style=\"text-align: justify;\">Lo stesso vale per quanto accade con i barconi nel Mediterraneo, che trasportano molti rifugiati dalle guerre ma forse un maggior numero di emigranti cosiddetti economici, provenienti dall\u2019Africa subsahariana, in cerca di una vita migliore. Alcuni di essi effettivamente fuggono da un integralismo islamico di profonda crudelt\u00e0: e allora? Sono rifugiati o emigranti economici? Difficile fare la distinzione.<\/p>\n<p style=\"text-align: justify;\"><em>La terza<\/em>: la pi\u00f9 difficile. Quali le conseguenze?<\/p>\n<p style=\"text-align: justify;\">Secondo alcuni studi, tra quelle positive vi sarebbe la circostanza che questa massa di nuovi \u2018inquilini\u2019 europei sarebbe la salvezza dei vecchi \u2018inquilini\u2019 in quanto, essendo i primi numerosi e soprattutto avendo anche un alto tasso di natalit\u00e0, sarebbero in grado di sopperire alle necessit\u00e0 della vecchia Europa, in termini di pensioni ad esempio, perch\u00e9 pagherebbero i contributi necessari alla erogazione delle stesse\u2026sempre per\u00f2 che ci sia quel lavoro che per ora sembra latitare anche per gli europei giovani nell\u2019Eurozona.<\/p>\n<p style=\"text-align: justify;\">E\u2019 evidente poi che l\u2019Europa sta cambiando colore della pelle: dico proprio pelle. Con una massiccia inserzione di altre etnie, specialmente sub sahariane e soprattutto di genere maschile, \u00e8 evidente che aumenteranno i matrimoni \u2018misti\u2019, per non parlare dei bimbi che nasceranno sul territorio europeo da coppie della stessa etnia. Tutto questo porta certamente una diversificazione e un arricchimento culturale, sempre che l\u2019Europa sappia tenere saldi i principi di democrazia e rispetto della vita umana che ha ottenuto dopo circa dieci secoli di guerre feroci e sanguinose, non dimenticando le pi\u00f9 recenti: prima e seconda Guerra mondiale; le guerre balcaniche degli anni Novanta\u2026.<\/p>\n<p style=\"text-align: justify;\"><img decoding=\"async\" loading=\"lazy\" class=\"alignleft size-full wp-image-5845\" src=\"http:\/\/www.osservatorioanalitico.com\/wp-content\/uploads\/2015\/09\/3b_4.jpg\" alt=\"3b_4\" width=\"388\" height=\"299\" srcset=\"https:\/\/www.osservatorioanalitico.com\/wp-content\/uploads\/2015\/09\/3b_4.jpg 388w, https:\/\/www.osservatorioanalitico.com\/wp-content\/uploads\/2015\/09\/3b_4-260x200.jpg 260w, https:\/\/www.osservatorioanalitico.com\/wp-content\/uploads\/2015\/09\/3b_4-300x231.jpg 300w\" sizes=\"(max-width: 388px) 100vw, 388px\" \/>Quindi avremo societ\u00e0 sempre pi\u00f9 multietniche dove per\u00f2 le differenze sociali saranno pi\u00f9 marcate che nel passato. \u2026e societ\u00e0 multi religiose, considerato che l\u2019aumento dei Musulmani in Europa sembra inarrestabile anch\u2019esso. Se i veri credenti musulmani non si batteranno in prima persona contro l\u2019integralismo e il terrorismo di matrice islamica, perderanno la loro battaglia cos\u00ec come la perder\u00e0 l\u2019Europa che sembra, almeno per ora, cedere la sua tradizionale identit\u00e0 di matrice cristiana. Occorre rispetto reciproco, ricordando che le tre religioni rivelate, Ebraismo, Cristianesimo e Islam, sono le religioni del \u2018Kitab\u2019, del Libro e che hanno grandi affinit\u00e0 pi\u00f9 che divergenze. Occorre studiarle e non parlare senza conoscere. Ma \u00e8 difficile fare queste affermazioni quando assistiamo a crimini contro la natura umana con la pretesa di agire in nome di\u2026\u00e8 una vecchia storia, gi\u00e0 vissuta nei secoli: in nome di una Fede, la ricerca di ottenere il potere secolare e economico sull\u2019orbe terracqueo, stravolgendo la vera essenza della stessa.<\/p>\n<p style=\"text-align: justify;\"><em>La quarta<\/em>: perch\u00e9 vengono tutti o quasi in Europa?<img decoding=\"async\" loading=\"lazy\" class=\"alignright size-full wp-image-5841\" src=\"http:\/\/www.osservatorioanalitico.com\/wp-content\/uploads\/2015\/09\/torah_rotoli-300x219.jpg\" alt=\"torah_rotoli-300x219\" width=\"300\" height=\"219\" srcset=\"https:\/\/www.osservatorioanalitico.com\/wp-content\/uploads\/2015\/09\/torah_rotoli-300x219.jpg 300w, https:\/\/www.osservatorioanalitico.com\/wp-content\/uploads\/2015\/09\/torah_rotoli-300x219-274x200.jpg 274w\" sizes=\"(max-width: 300px) 100vw, 300px\" \/><\/p>\n<p style=\"text-align: justify;\">Le ragioni sono molte. E\u2019 il continente pi\u00f9 vicino, certamente, il pi\u00f9 facilmente (si fa per dire) raggiungibile. O forse l\u2019Europa viene vista come l\u2019Eldorado, confusi da notizie non sempre vere. Lavoro qui non ce n\u2019\u00e8 e gli stessi europei emigrano in altri continenti. C\u2019\u00e8 la sicurezza che la vita vale qualcosa, che i diritti umani dovrebbero essere rispettati ma la vita di tutti i giorni non sono per ogni rifugiato alberghi a 3-4 stelle dove attendere \u2018Godot\u2019 che nel caso specifico \u00e8 un documento o di soggiorno o di espulsione. Quanti dormono fra i cartoni e la sporcizia\u2026.<\/p>\n<p style=\"text-align: justify;\">Siamo agli inizi (30 anni in storia sono un soffio\u2026) di un mutamento di grande portata &#8211; gi\u00e0 in atto, attenzione -, per quel che riguarda l\u2019Europa in particolare e i governanti (che hanno fatto mostruosi errori di valutazioni politiche in Medio Oriente), non sono pronti\u2026anche le popolazioni europee non lo sono \u2026ma soprattutto i governanti che dalla fine della seconda Guerra mondiale in poi si sono esercitati a cercare il consenso popolare (come in Italia almeno negli ultimi 30 anni) e raramente a risolvere problemi di base degli europei: certamente \u00e8 importante il diametro delle vongole da pescare e come fare la ricotta, dettando severissime leggi al riguardo\u2026o evitare sconfinamenti nei budget nazionali, con una austerit\u00e0 che ha portato allo sbando finanziario almeno uno stato europeo.<\/p>\n<p style=\"text-align: justify;\">Occorre attrezzarsi per la nuova Europa, gi\u00e0 da ora e siamo in grave ritardo, sperando che questo ritardo non mini la stabilit\u00e0 sociale della ormai \u2018vecchissima e sorpassata\u2019 Europa. Pur cercando di essere ottimista, ammetto che mi rimane difficile. Non \u00e8 possibile esaurire in un breve testo un argomento cos\u00ec complesso ma Osservatorio Analitico torner\u00e0 sulla questione di difficile e critica trattazione.<\/p>\n<p style=\"text-align: justify;\">\u00a9<a href=\"http:\/\/www.osservatorioanalitico.com\/\">www.osservatorioanalitico.com<\/a> \u2013 Riproduzione riservata<\/p>\n","protected":false},"excerpt":{"rendered":"<p>Le migrazioni epocali, rifugiati siriani attraverso i Balcani,  governi locali e politiche di emigrazione<\/p>\n","protected":false},"author":42,"featured_media":5839,"comment_status":"closed","ping_status":"closed","sticky":false,"template":"","format":"standard","meta":{"jetpack_post_was_ever_published":false,"jetpack_publicize_message":"","jetpack_is_tweetstorm":false,"jetpack_publicize_feature_enabled":true,"jetpack_social_post_already_shared":true,"jetpack_social_options":[]},"categories":[4,3,7,1273],"tags":[2434,2432,2433],"jetpack_publicize_connections":[],"aioseo_notices":[],"jetpack_featured_media_url":"https:\/\/www.osservatorioanalitico.com\/wp-content\/uploads\/2015\/09\/syri-MMAP-md.png","jetpack_shortlink":"https:\/\/wp.me\/p4fe9l-1w7","jetpack_likes_enabled":true,"_links":{"self":[{"href":"https:\/\/www.osservatorioanalitico.com\/index.php?rest_route=\/wp\/v2\/posts\/5835"}],"collection":[{"href":"https:\/\/www.osservatorioanalitico.com\/index.php?rest_route=\/wp\/v2\/posts"}],"about":[{"href":"https:\/\/www.osservatorioanalitico.com\/index.php?rest_route=\/wp\/v2\/types\/post"}],"author":[{"embeddable":true,"href":"https:\/\/www.osservatorioanalitico.com\/index.php?rest_route=\/wp\/v2\/users\/42"}],"replies":[{"embeddable":true,"href":"https:\/\/www.osservatorioanalitico.com\/index.php?rest_route=%2Fwp%2Fv2%2Fcomments&post=5835"}],"version-history":[{"count":6,"href":"https:\/\/www.osservatorioanalitico.com\/index.php?rest_route=\/wp\/v2\/posts\/5835\/revisions"}],"predecessor-version":[{"id":5837,"href":"https:\/\/www.osservatorioanalitico.com\/index.php?rest_route=\/wp\/v2\/posts\/5835\/revisions\/5837"}],"wp:featuredmedia":[{"embeddable":true,"href":"https:\/\/www.osservatorioanalitico.com\/index.php?rest_route=\/wp\/v2\/media\/5839"}],"wp:attachment":[{"href":"https:\/\/www.osservatorioanalitico.com\/index.php?rest_route=%2Fwp%2Fv2%2Fmedia&parent=5835"}],"wp:term":[{"taxonomy":"category","embeddable":true,"href":"https:\/\/www.osservatorioanalitico.com\/index.php?rest_route=%2Fwp%2Fv2%2Fcategories&post=5835"},{"taxonomy":"post_tag","embeddable":true,"href":"https:\/\/www.osservatorioanalitico.com\/index.php?rest_route=%2Fwp%2Fv2%2Ftags&post=5835"}],"curies":[{"name":"wp","href":"https:\/\/api.w.org\/{rel}","templated":true}]}}