{"id":5607,"date":"2015-06-21T07:20:10","date_gmt":"2015-06-21T06:20:10","guid":{"rendered":"http:\/\/www.osservatorioanalitico.com\/?p=5607"},"modified":"2015-06-21T07:20:55","modified_gmt":"2015-06-21T06:20:55","slug":"20-giugno-giornata-mondiale-del-rifugiato-1","status":"publish","type":"post","link":"https:\/\/www.osservatorioanalitico.com\/?p=5607","title":{"rendered":"20 GIUGNO. GIORNATA MONDIALE DEL RIFUGIATO.1"},"content":{"rendered":"<div id=\"attachment_5610\" style=\"width: 346px\" class=\"wp-caption aligncenter\"><img aria-describedby=\"caption-attachment-5610\" decoding=\"async\" loading=\"lazy\" class=\"size-large wp-image-5610\" src=\"http:\/\/www.osservatorioanalitico.com\/wp-content\/uploads\/2015\/06\/nave-da-schiavi-britannica-brooks-1790--336x405.jpg\" alt=\"Nave da schiavi britannica del 1790\" width=\"336\" height=\"405\" srcset=\"https:\/\/www.osservatorioanalitico.com\/wp-content\/uploads\/2015\/06\/nave-da-schiavi-britannica-brooks-1790--336x405.jpg 336w, https:\/\/www.osservatorioanalitico.com\/wp-content\/uploads\/2015\/06\/nave-da-schiavi-britannica-brooks-1790--166x200.jpg 166w, https:\/\/www.osservatorioanalitico.com\/wp-content\/uploads\/2015\/06\/nave-da-schiavi-britannica-brooks-1790--300x361.jpg 300w, https:\/\/www.osservatorioanalitico.com\/wp-content\/uploads\/2015\/06\/nave-da-schiavi-britannica-brooks-1790-.jpg 941w\" sizes=\"(max-width: 336px) 100vw, 336px\" \/><p id=\"caption-attachment-5610\" class=\"wp-caption-text\">Nave da schiavi britannica del 1790<\/p><\/div>\n<p style=\"text-align: justify;\"><em>20 giugno. La comunit\u00e0 internazionale ha sentito il bisogno di ricordare con un giorno speciale il dramma dei rifugiati. Non \u00e8 un problema nuovo nel quadro storico generale. Migrazioni epocali si sono sempre succedute e l\u2019essere umano le dimentica\u2026non hanno certamente tutte le stesse connotazioni ma i moventi sono sempre gli stessi: guerre e carestie. Vogliamo vedere sotto una luce storica e non religiosa il biblico esodo degli Ebrei dall\u2019Egitto? Popolazione schiavizzata e non tollerata patisce prevaricazioni e fame\u2026le piaghe inviate dal Signore agli Egiziani convincono il Faraone a lasciar libera quella gente, diversa perch\u00e9 non accetta Ra e Amon, che non solo non lavora pi\u00f9 ma cerca anche di levare agli Egiziani quel poco di cibo che rimane dopo il passaggio delle cavallette. La stabilit\u00e0 del territorio e l\u2019autorit\u00e0 del Dio-Faraone sta vacillando\u2026e le frontiere, oltre al Mar Rosso, si aprono mentre ai nostri tempi si chiudono quelle frontiere che per volont\u00e0 internazionale, in segno di pace dopo milioni di morti, erano state dichiarate \u2018aperte\u2019 da un trattato.<\/em><\/p>\n<p style=\"text-align: justify;\"><em>I tempi sono cambiati ma come sempre la gran parte dei rifugiati attuali sfugge alle guerre e altri sfuggono alla fame e alla mancanza di lavoro arrivando in Europa, diventata un miraggio \u2026come quelli del deserto quando fanno vedere un\u2019oasi che non c\u2019\u00e8.<\/em><\/p>\n<p style=\"text-align: justify;\"><em>E la gestione di questi profughi, non esattamente illuminata o governata, continua a dare illusioni atroci: a chi fornisce un hotel con piscina e a chi un Centro profughi\u2026 a nemmeno un quarto di stella. Come al solito c\u2019\u00e8 chi \u00e8 pi\u00f9 \u2018fortunato\u2019 e chi meno!<\/em><\/p>\n<p style=\"text-align: justify;\"><em>Ben si comprendono quegli albergatori che avendo visto calare vistosamente i loro affari si gettano speranzosi sul bando del Viminale che assicura una paga modesta per ogni profugo ospitato: con quella \u2018paghetta\u2019 giornaliera l\u2019oste deve far dormire i profughi, lavarli, stirarli, nutrirli, provvederli di internet, dar loro un pocket money oltre a corrispondere in molti casi purtroppo un \u2018piccolo obolo\u2019 a questo o quell \u2018intermediario\u2019 che ha procurato il business! Cio\u00e8 a pagare la tangente, per dirla in chiaro\u2026.questo elemento forse nella storia delle passate migrazioni non c\u2019era, anche se i nostri emigranti in America hanno, anche loro, dovuto pagare una \u2018tangente\u2019 cio\u00e8 \u2018pizzo\u2019 a connazionali \u2018organizzati\u2019.<\/em><\/p>\n<p style=\"text-align: justify;\"><em>Dunque non se ne esce e l\u2019Europa ha dimostrato quanto non sia affatto unita, il che, per chi fu giovane e entusiasta europeista agli inizi degli Anni \u201960, \u00e8 una bella delusione.<\/em><\/p>\n<p style=\"text-align: justify;\"><em>C\u2019\u00e8 da dire comunque che l\u2019Europa sta cambiando colore della pelle; \u00e8 un fatto e dobbiamo rendercene conto\u2026cos\u00ec come avvenne per gli States anche se per altre ragioni: importazione di schiavi dalle coste dell\u2019Africa, poi dichiarati uomini liberi da \u2018Abe\u2019 Lincoln dopo una sanguinosa guerra di secessione. Ora come allora per i fornitori di schiavi, il traghettamento a met\u00e0 Mediterraneo dei \u2018profughi\u2019 , nuovi schiavi, frutta un pacco di soldi per ogni singola barchetta; a met\u00e0 Mediterraneo perch\u00e9 poi se la vedono le navi militari italiane e ora anche degli altri stati europei che scaricano i naufraghi sulle coste pi\u00f9 vicine, quelle italiane.<\/em><\/p>\n<p style=\"text-align: justify;\"><em>Accettato questo cambiamento epocale, forse i governanti dovrebbero cercare di dare migliori risposte ai fuggiaschi e non creare in molti illusioni che una volta disattese creeranno forte instabilit\u00e0 soprattutto in Italia.<\/em><\/p>\n<p style=\"text-align: justify;\"><em>\u00a9<a href=\"http:\/\/www.osservatorioanalitico.com\/\">www.osservatorioanalitico.com<\/a> \u2013 Riproduzione riservata<\/em><\/p>\n<p style=\"text-align: justify;\"><img decoding=\"async\" loading=\"lazy\" class=\"aligncenter size-large wp-image-5614\" src=\"http:\/\/www.osservatorioanalitico.com\/wp-content\/uploads\/2015\/06\/20140512_c7_barcone_immigrati_2-580x200.jpg\" alt=\"20140512_c7_barcone_immigrati_2\" width=\"580\" height=\"200\" srcset=\"https:\/\/www.osservatorioanalitico.com\/wp-content\/uploads\/2015\/06\/20140512_c7_barcone_immigrati_2-580x200.jpg 580w, https:\/\/www.osservatorioanalitico.com\/wp-content\/uploads\/2015\/06\/20140512_c7_barcone_immigrati_2-280x97.jpg 280w, https:\/\/www.osservatorioanalitico.com\/wp-content\/uploads\/2015\/06\/20140512_c7_barcone_immigrati_2-300x104.jpg 300w, https:\/\/www.osservatorioanalitico.com\/wp-content\/uploads\/2015\/06\/20140512_c7_barcone_immigrati_2.jpg 660w\" sizes=\"(max-width: 580px) 100vw, 580px\" \/><\/p>\n","protected":false},"excerpt":{"rendered":"<p>Brevi considerazioni sul problema dei rifugiati e delle frontiere di Schengen<\/p>\n","protected":false},"author":42,"featured_media":0,"comment_status":"closed","ping_status":"closed","sticky":false,"template":"","format":"standard","meta":{"jetpack_post_was_ever_published":false,"jetpack_publicize_message":"","jetpack_is_tweetstorm":false,"jetpack_publicize_feature_enabled":true,"jetpack_social_post_already_shared":true,"jetpack_social_options":[]},"categories":[4,6,3,5,7,1273],"tags":[2291,2287,1144,2290,2289,2288],"jetpack_publicize_connections":[],"aioseo_notices":[],"jetpack_featured_media_url":"","jetpack_shortlink":"https:\/\/wp.me\/p4fe9l-1sr","jetpack_likes_enabled":true,"_links":{"self":[{"href":"https:\/\/www.osservatorioanalitico.com\/index.php?rest_route=\/wp\/v2\/posts\/5607"}],"collection":[{"href":"https:\/\/www.osservatorioanalitico.com\/index.php?rest_route=\/wp\/v2\/posts"}],"about":[{"href":"https:\/\/www.osservatorioanalitico.com\/index.php?rest_route=\/wp\/v2\/types\/post"}],"author":[{"embeddable":true,"href":"https:\/\/www.osservatorioanalitico.com\/index.php?rest_route=\/wp\/v2\/users\/42"}],"replies":[{"embeddable":true,"href":"https:\/\/www.osservatorioanalitico.com\/index.php?rest_route=%2Fwp%2Fv2%2Fcomments&post=5607"}],"version-history":[{"count":5,"href":"https:\/\/www.osservatorioanalitico.com\/index.php?rest_route=\/wp\/v2\/posts\/5607\/revisions"}],"predecessor-version":[{"id":5616,"href":"https:\/\/www.osservatorioanalitico.com\/index.php?rest_route=\/wp\/v2\/posts\/5607\/revisions\/5616"}],"wp:attachment":[{"href":"https:\/\/www.osservatorioanalitico.com\/index.php?rest_route=%2Fwp%2Fv2%2Fmedia&parent=5607"}],"wp:term":[{"taxonomy":"category","embeddable":true,"href":"https:\/\/www.osservatorioanalitico.com\/index.php?rest_route=%2Fwp%2Fv2%2Fcategories&post=5607"},{"taxonomy":"post_tag","embeddable":true,"href":"https:\/\/www.osservatorioanalitico.com\/index.php?rest_route=%2Fwp%2Fv2%2Ftags&post=5607"}],"curies":[{"name":"wp","href":"https:\/\/api.w.org\/{rel}","templated":true}]}}