{"id":5483,"date":"2015-05-13T18:09:55","date_gmt":"2015-05-13T17:09:55","guid":{"rendered":"http:\/\/www.osservatorioanalitico.com\/?p=5483"},"modified":"2015-05-13T18:43:45","modified_gmt":"2015-05-13T17:43:45","slug":"geostrategia-dell-armamento-europeo","status":"publish","type":"post","link":"https:\/\/www.osservatorioanalitico.com\/?p=5483","title":{"rendered":"GEOSTRATEGIA DELL&#8217; ARMAMENTO EUROPEO"},"content":{"rendered":"<p style=\"text-align: justify;\"><img decoding=\"async\" loading=\"lazy\" class=\"aligncenter size-medium wp-image-5489\" src=\"http:\/\/www.osservatorioanalitico.com\/wp-content\/uploads\/2015\/05\/resizeWidth.asp_-280x109.jpeg\" alt=\"resizeWidth.asp\" width=\"280\" height=\"109\" srcset=\"https:\/\/www.osservatorioanalitico.com\/wp-content\/uploads\/2015\/05\/resizeWidth.asp_-280x109.jpeg 280w, https:\/\/www.osservatorioanalitico.com\/wp-content\/uploads\/2015\/05\/resizeWidth.asp_-300x117.jpeg 300w, https:\/\/www.osservatorioanalitico.com\/wp-content\/uploads\/2015\/05\/resizeWidth.asp_.jpeg 469w\" sizes=\"(max-width: 280px) 100vw, 280px\" \/><\/p>\n<p style=\"text-align: justify;\"><em>Una analisi geopolitica degli armamenti\u2026dopo\u00a0l&#8217;articolo sulle crisi e le armi\u2026<\/em><\/p>\n<p style=\"text-align: justify;\"><em>Il Direttore scientifico: Maria Gabriella Pasqualini\u00a0 \u00a0 \u00a0 \u00a0 \u00a0 \u00a0 \u00a0 \u00a0 \u00a0 \u00a0 \u00a0 \u00a0 \u00a0 \u00a0 \u00a0 \u00a0 \u00a0 \u00a0 \u00a0 \u00a0 \u00a0 \u00a0 \u00a0 \u00a0 \u00a0 \u00a0 \u00a0 \u00a0 \u00a0 \u00a0 \u00a0 \u00a0 \u00a0 \u00a0 \u00a0 \u00a0 \u00a0 \u00a0 \u00a0 \u00a0 \u00a0 \u00a0 \u00a0 \u00a0 \u00a0 \u00a0 \u00a0 \u00a0 \u00a0 \u00a0 \u00a0 \u00a0 \u00a0 \u00a0 \u00a0 \u00a0 \u00a0 \u00a0 \u00a0 \u00a0 \u00a0 \u00a0 \u00a0 \u00a0 \u00a0 \u00a0 \u00a0 \u00a0 \u00a0 \u00a0 \u00a0 \u00a0 \u00a0 \u00a0<\/em><\/p>\n<p style=\"text-align: justify;\">Per completare la spesa militare globale, lo \u201cStockholm International Peace Research Institute\u201d (SIPRI) dettaglia i dati inerenti ai 28 Paesi dell\u2019 Organizzazione del Trattato Nord Atlantico\u201d (NATO), diretto dal generale americano Jens Stoltenberg.<\/p>\n<p style=\"text-align: justify;\">I budget ufficialmente presentati dai Ministeri della Difesa ammontano per il 2013 a oltre 1.000 miliardi di dollari annui, pari al 56% della spesa militare mondiale stimata dal SIPRI.<\/p>\n<p style=\"text-align: justify;\">In realt\u00e0, la spesa \u00e8 superiore perch\u00e9 occorre contabilizzare i miliardi di dollari annuali extra budget del Pentagono per: armi nucleari, 12, iscritti nel bilancio del Dipartimento per l\u2019energia; aiuti militari ed economici ad alleati strategici, 47, iscritti nei bilanci del Dipartimento di Stato e della \u201cUnited States Agency for International Development\u201d (USAID); militari a riposo, 164, iscritti nel bilancio del Dipartimento degli Affari per i Veterani; Intelligence, ufficialmente per 45.<img decoding=\"async\" loading=\"lazy\" class=\"alignright size-full wp-image-5487\" src=\"http:\/\/www.osservatorioanalitico.com\/wp-content\/uploads\/2015\/05\/images6.jpeg\" alt=\"images\" width=\"137\" height=\"103\" \/><\/p>\n<p style=\"text-align: justify;\">Come mai questa forte spesa aggiuntiva nell\u2019Europa che l\u20198 maggio festeggia il 70\u00b0 anniversario della conclusione della guerra contro la Germania di Hitler ?<\/p>\n<p style=\"text-align: justify;\">Per rispondere alla domanda occorre analizzare precedenti e recenti eventi.<\/p>\n<p style=\"text-align: justify;\">La fine della pi\u00f9 devastante guerra della storia conclusa con la capitolazione tedesca \u00e8 celebrata ogni anno a Mosca il 9 maggio perch\u00e9 in Russia era gi\u00e0 passata la mezzanotte quando la Germania firm\u00f2 la sua resa incondizionata all\u2019Unione Sovietica.<\/p>\n<p style=\"text-align: justify;\">Alla parata sfilano carri armati e blindati da trasporto truppe ritenuti i pi\u00f9 avanzati a livello mondiale, missili da difesa costiera, artiglieria semovente, bombardieri strategici, elicotteri d\u2019assalto, sistemi di puntamento, e sulla piazza Rossa sfileranno 16 mila soldati e un migliaio di militari stranieri in rappresentanza della coalizione antihitleriana.<\/p>\n<p style=\"text-align: justify;\">Alla parata non sono presenti i Presidenti di Francia, Germania, Gran Bretagna e USA.<\/p>\n<p style=\"text-align: justify;\">Di fatto, ai settanta inviti spediti da Mosca a Capi di Stato e di Governo non solo i Presidenti Hollande, Merkel, Cameron e Obama non hanno risposto ma neppure i leader di Europa Occidentale, Canada, Australia e la maggioranza dei Paesi satelliti della NATO come Polonia e Ucraina. Sono presenti Austria, Slovenia, Grecia, Repubblica Ceca e la neutrale Svizzera.<\/p>\n<p style=\"text-align: justify;\">L\u2019Europa che si presenta all\u2019appuntamento celebrativo del 70\u00b0 anno della fine della guerra divisa e impreparata, \u00e8 pronta a preparare un\u2019altra guerra?<\/p>\n<div id=\"attachment_5490\" style=\"width: 130px\" class=\"wp-caption alignleft\"><img aria-describedby=\"caption-attachment-5490\" decoding=\"async\" loading=\"lazy\" class=\"size-full wp-image-5490\" src=\"http:\/\/www.osservatorioanalitico.com\/wp-content\/uploads\/2015\/05\/images-4.jpeg\" alt=\"Firma degli Accordi di Dayton\" width=\"120\" height=\"75\" \/><p id=\"caption-attachment-5490\" class=\"wp-caption-text\">Firma degli Accordi di Dayton<\/p><\/div>\n<p style=\"text-align: justify;\">Non \u00e8 bastato il conflitto in Jugoslavia tra i separatisti del 1989- 1990 e la successiva guerra iniziata nel 1991 da USA e NATO e conclusa con la dissoluzione della Repubblica Socialista Federalista della Yugoslavia con gli Accordi di Dayton del novembre 1995?<\/p>\n<p style=\"text-align: justify;\">Evidentemente no, dato che quella guerra in realt\u00e0 non \u00e8 mai finita e che la spesa militare continua ad aumentare in tutto il mondo.<\/p>\n<p style=\"text-align: justify;\">L\u2019Europa \u00e8 quindi alla ricerca di armamento di ultima generazione, compatibile con le reti di comunicazione americane e di pronto impiego per i numerosi \u201cinterventi umanitari\u201d e missioni di \u201cpeace keeping\u201d nel mondo.<\/p>\n<p style=\"text-align: justify;\"><span style=\"text-decoration: underline;\">I fatti.<\/span><\/p>\n<p style=\"text-align: justify;\">L\u2019assenza dei Presidenti di Francia, Germania, Gran Bretagna e Stati Uniti non \u00e8 casuale. Sono i Paesi che hanno sostenuto il golpe in Ucraina e portato al potere un loro candidato sostenuto da gruppi neo-nazisti dei quali alcuni esponenti sono al Governo.<\/p>\n<p style=\"text-align: justify;\">E intendono contenere l\u2019attivismo russo che sostiene il nucleare iraniano, il regime siriano e i greci con qualche risultato positivo che riaccende il clima della \u201cguerra fredda\u201d.<\/p>\n<p style=\"text-align: justify;\">Lo strumento per accerchiare Mosca \u00e8 la NATO, che opera ormai senza pi\u00f9 confini:<\/p>\n<ol style=\"text-align: justify;\">\n<li>a) In Europa.<\/li>\n<\/ol>\n<p style=\"text-align: justify;\">Dopo essersi estesa a sette Paesi dell\u2019ex Patto di Varsavia, il 24 aprile 2015 la NATO firma con l\u2019Ucraina un Accordo che ne inquadra le Forze Armate nella sua rete di comando, controllo e comunicazione, e integra nelle sue operazioni la Georgia.<\/p>\n<p style=\"text-align: justify;\">In Lituania e Polonia, schiera cacciabombardieri che sorvegliano le tre Repubbliche baltiche, ai limiti dello spazio aereo russo.<\/p>\n<ol style=\"text-align: justify;\">\n<li>b) In Asia.<\/li>\n<\/ol>\n<p style=\"text-align: justify;\">Coopera con Kazakhistan, Kirghizistan, Tagikistan, Turkmenistan e Uzbekistan, per contrastare l\u2019Unione economica eurasiatica (Russia, Bielorussia, Kazakistan, Armenia e, da maggio, Kirghizistan).<\/p>\n<p style=\"text-align: justify;\">In Afghanistan, \u00e8 presente con Forze speciali, droni e cacciabombardieri e sposta in Turchia, a Izmir, la LandCom, il Comando di tutte le Forze terrestri dell\u2019Alleanza.<\/p>\n<ol style=\"text-align: justify;\">\n<li>c) In Medioriente.<img decoding=\"async\" loading=\"lazy\" class=\"alignleft  wp-image-5451\" src=\"http:\/\/www.osservatorioanalitico.com\/wp-content\/uploads\/2015\/05\/images-1.jpeg\" alt=\"images-1\" width=\"199\" height=\"95\" \/><\/li>\n<\/ol>\n<p style=\"text-align: justify;\">Dalla guerra in Libia, l\u2019Organizzazione collabora con Bahrein, Emirati Arabi Uniti, Kuwait e<\/p>\n<p style=\"text-align: justify;\">Qatar, ha una cooperazione militare con l\u2019Arabia Saudita e fornisce assistenza militare all\u2019Unione Africana.<\/p>\n<p style=\"text-align: justify;\">In Giordania il 9 e 10 dicembre 2014 sono stati celebrati i 20 anni del \u201cDialogo mediterraneo\u201d, presenti il Segretario Generale della NATO, Jens Stoltenberg, i 28 rappresentanti del Consiglio Nord-Atlantico e gli Ambasciatori dei 7 Paesi partner: Algeria, Egitto, Giordania, Israele, Marocco, Mauritania e Tunisia.<\/p>\n<p style=\"text-align: justify;\">Nel dicembre 2008 ratifica con Israele l\u2019Accordo che stabilisce la connessione di tel Aviv al sistema elettronico NATO, l\u2019aumento delle esercitazioni congiunte e della cooperazione nel settore degli armamenti.<\/p>\n<ol style=\"text-align: justify;\">\n<li>d) Nell\u2019 Oceano Pacifico e nell\u2019 Oceano Indiano.<\/li>\n<\/ol>\n<p style=\"text-align: justify;\">Altre attivit\u00e0 della NATO sono in Giappone, Colombia, e Australia. In Colombia stipula Accordi di Sicurezza nell\u2019ambito dei programmi militari. Con l\u2019Australia ha Accordi in funzione anticinese e antirussa per il predominio nel Pacifico, dove ogni due anni partecipa con la Flotta USA alle esercitazioni, mentre l\u2019Oceano Indiano \u00e8 presidiato dalla fedele Australia.<\/p>\n<p style=\"text-align: justify;\">\u00a9<a href=\"http:\/\/www.osservatorioanalitico.com\/\">www.osservatorioanalitico.com<\/a> \u2013 Riproduzione riservata<\/p>\n<div id=\"attachment_5491\" style=\"width: 160px\" class=\"wp-caption aligncenter\"><img aria-describedby=\"caption-attachment-5491\" decoding=\"async\" loading=\"lazy\" class=\"size-full wp-image-5491\" src=\"http:\/\/www.osservatorioanalitico.com\/wp-content\/uploads\/2015\/05\/images-22.jpeg\" alt=\"L'allargamento della Nato (Wikipedia)\" width=\"150\" height=\"125\" \/><p id=\"caption-attachment-5491\" class=\"wp-caption-text\">L&#8217;allargamento della Nato (Wikipedia)<\/p><\/div>\n","protected":false},"excerpt":{"rendered":"<p>Una analisi geopolitica degli armamenti\u2026dopo l&#8217;articolo sulle crisi e le armi\u2026<\/p>\n","protected":false},"author":2122,"featured_media":5486,"comment_status":"closed","ping_status":"closed","sticky":false,"template":"","format":"standard","meta":{"jetpack_post_was_ever_published":false,"jetpack_publicize_message":"","jetpack_is_tweetstorm":false,"jetpack_publicize_feature_enabled":true,"jetpack_social_post_already_shared":true,"jetpack_social_options":[]},"categories":[4,6,3,5,7,1273],"tags":[2234,2239,2238,40,2236,2237,2235],"jetpack_publicize_connections":[],"aioseo_notices":[],"jetpack_featured_media_url":"https:\/\/www.osservatorioanalitico.com\/wp-content\/uploads\/2015\/05\/images-12.jpeg","jetpack_shortlink":"https:\/\/wp.me\/p4fe9l-1qr","jetpack_likes_enabled":true,"_links":{"self":[{"href":"https:\/\/www.osservatorioanalitico.com\/index.php?rest_route=\/wp\/v2\/posts\/5483"}],"collection":[{"href":"https:\/\/www.osservatorioanalitico.com\/index.php?rest_route=\/wp\/v2\/posts"}],"about":[{"href":"https:\/\/www.osservatorioanalitico.com\/index.php?rest_route=\/wp\/v2\/types\/post"}],"author":[{"embeddable":true,"href":"https:\/\/www.osservatorioanalitico.com\/index.php?rest_route=\/wp\/v2\/users\/2122"}],"replies":[{"embeddable":true,"href":"https:\/\/www.osservatorioanalitico.com\/index.php?rest_route=%2Fwp%2Fv2%2Fcomments&post=5483"}],"version-history":[{"count":4,"href":"https:\/\/www.osservatorioanalitico.com\/index.php?rest_route=\/wp\/v2\/posts\/5483\/revisions"}],"predecessor-version":[{"id":5493,"href":"https:\/\/www.osservatorioanalitico.com\/index.php?rest_route=\/wp\/v2\/posts\/5483\/revisions\/5493"}],"wp:featuredmedia":[{"embeddable":true,"href":"https:\/\/www.osservatorioanalitico.com\/index.php?rest_route=\/wp\/v2\/media\/5486"}],"wp:attachment":[{"href":"https:\/\/www.osservatorioanalitico.com\/index.php?rest_route=%2Fwp%2Fv2%2Fmedia&parent=5483"}],"wp:term":[{"taxonomy":"category","embeddable":true,"href":"https:\/\/www.osservatorioanalitico.com\/index.php?rest_route=%2Fwp%2Fv2%2Fcategories&post=5483"},{"taxonomy":"post_tag","embeddable":true,"href":"https:\/\/www.osservatorioanalitico.com\/index.php?rest_route=%2Fwp%2Fv2%2Ftags&post=5483"}],"curies":[{"name":"wp","href":"https:\/\/api.w.org\/{rel}","templated":true}]}}