{"id":5346,"date":"2015-04-01T18:44:44","date_gmt":"2015-04-01T17:44:44","guid":{"rendered":"http:\/\/www.osservatorioanalitico.com\/?p=5346"},"modified":"2015-04-01T18:44:44","modified_gmt":"2015-04-01T17:44:44","slug":"i-cristiani-in-medio-oriente-questi-sconosciuti","status":"publish","type":"post","link":"https:\/\/www.osservatorioanalitico.com\/?p=5346","title":{"rendered":"I CRISTIANI IN MEDIO ORIENTE, QUESTI SCONOSCIUTI!"},"content":{"rendered":"<p style=\"text-align: justify;\"><em>Una interessante sintesi sulla presenza cristiana in Medio Oriente e sulla assoluta necessit\u00e0 del dialogo interreligioso anche se molte persone sostengono che non ci pu\u00f2 essere dialogo con l&#8217;Islam. Invece il dialogo con l&#8217;Islam vero c&#8217;\u00e8; quel che non \u00e8 possibile \u00e8 il dialogo con volgari tagliagole che dicono di agire in nome dell&#8217;Islam.<\/em><\/p>\n<p style=\"text-align: justify;\">Il Direttore scientifico: Maria Gabriella Pasqualini<\/p>\n<p style=\"text-align: justify;\">Di questi tempi sentiamo molto parlare dei cristiani perseguitati in terra mediorientale (e non solo), bersagli di organizzazioni terroristiche ed estremiste.<\/p>\n<p style=\"text-align: justify;\">Il recente attentato di met\u00e0 marzo a Lahore, capitale del Punjab pakistano, l\u2019ultimo di una lunga serie contro le chiese cattoliche di qualsiasi rito, ha riacceso l\u2019attenzione sulla difficile vita dei cristiani ed ha provocato un\u2019indignazione generale, compresa quella del Santo Padre.<\/p>\n<p style=\"text-align: justify;\">E&#8217; prepotentemente tornato alla ribalta il concetto di fondamentalismo, sinonimo di anti-occidentalismo, frutto della lotta contro il materialismo e la corruzione del mondo occidentale.<\/p>\n<p style=\"text-align: justify;\">Il fatto che la persecuzione dei cristiani sia accresciuta in quest\u2019ultimi anni, \u00e8 legata in parte a questioni di natura economica e politica. Un occidente meno ricco ed un terzo mondo (se non tutto almeno in parte) in forte espansione.<\/p>\n<div id=\"attachment_5351\" style=\"width: 288px\" class=\"wp-caption aligncenter\"><img aria-describedby=\"caption-attachment-5351\" decoding=\"async\" loading=\"lazy\" class=\"size-medium wp-image-5351\" src=\"http:\/\/www.osservatorioanalitico.com\/wp-content\/uploads\/2015\/04\/Papa-Francesco-soffre-coi-cristiani-del-Medio-Oriente-500x360-278x200.jpg\" alt=\"Papa Francesco a Gerusalemme\" width=\"278\" height=\"200\" srcset=\"https:\/\/www.osservatorioanalitico.com\/wp-content\/uploads\/2015\/04\/Papa-Francesco-soffre-coi-cristiani-del-Medio-Oriente-500x360-278x200.jpg 278w, https:\/\/www.osservatorioanalitico.com\/wp-content\/uploads\/2015\/04\/Papa-Francesco-soffre-coi-cristiani-del-Medio-Oriente-500x360-300x216.jpg 300w, https:\/\/www.osservatorioanalitico.com\/wp-content\/uploads\/2015\/04\/Papa-Francesco-soffre-coi-cristiani-del-Medio-Oriente-500x360.jpg 500w\" sizes=\"(max-width: 278px) 100vw, 278px\" \/><p id=\"caption-attachment-5351\" class=\"wp-caption-text\">Papa Francesco a Gerusalemme<\/p><\/div>\n<p style=\"text-align: justify;\">Un gioco delle parti che modifica antichi equilibri ritenuti inamovibili. Il mondo di oggi non \u00e8 mai stato cos\u00ec poco \u201coccidente-centrico\u201d e non \u00e8 difficile poter immaginare che quella parte che s&#8217;\u00e8 sentita sfruttata, umiliata, non considerata, abbia voglia di rivincita. Una rivalsa che colpisce i soggetti ritenuti pi\u00f9 deboli ed indifesi: i cristiani appunto.<\/p>\n<p style=\"text-align: justify;\">Ma quanto li sentiamo vicini a noi cristiani di Roma, i cristiani d&#8217;Oriente? Forse meno di quello che pensiamo, soprattutto perch\u00e9 disconosciamo la loro storia, dove e come vivono, quanti sono. E (fortunatamente) disconosciamo la difficolt\u00e0 di vivere liberamente la propria religione in terre schiacciate da un Islam imperante diviso tra un sunnismo dominante e lo sciismo.<\/p>\n<p style=\"text-align: justify;\">In Medio Oriente ci sono circa 16 milioni di cristiani (pi\u00f9 di 5 milioni di rito cattolico) che vivono in mezzo a 400 milioni di arabi. Si calcola che nel mondo a pi\u00f9 di 200 milioni di Cristiani viene impedito di professare liberamente il proprio credo; di certo la situazione rispetto al passato non \u00e8 migliorata.<\/p>\n<p style=\"text-align: justify;\">Ad eccezione di Cuba, degli Emirati Arabi Uniti e del Qatar in cui ci sono segnali positivi, l&#8217;intolleranza religiosa s&#8217;\u00e8 acuita in Afghanistan, Siria, Yemen, Sudan, Libia, Egitto, Arabia Saudita, Iran, Somalia, Pakistan, Nigeria, Maldive e Repubblica Centrafricana.<\/p>\n<p style=\"text-align: justify;\">In Iraq, del milione e mezzo di Cristiani censiti prima della guerra e residenti a Baghdad, a Kirkuk e a Bassora, sarebbero rimasti non pi\u00f9 di 400 mila; a Mosul sono completamente spariti dopo l&#8217;avanzata dell&#8217;Isis.<\/p>\n<p style=\"text-align: justify;\">Diaspora di Cristiani anche in Siria con l&#8217;uccisione ed il rapimento di molti religiosi (ancora \u00e8 ignoto il destino di Padre Dall&#8217;Oglio), e molti conventi e monasteri sfregiati e razziati.<\/p>\n<div id=\"attachment_5352\" style=\"width: 147px\" class=\"wp-caption alignleft\"><img aria-describedby=\"caption-attachment-5352\" decoding=\"async\" loading=\"lazy\" class=\"size-full wp-image-5352\" src=\"http:\/\/www.osservatorioanalitico.com\/wp-content\/uploads\/2015\/04\/images-11.jpeg\" alt=\"I cristiani di Gaza (da it.radiovaticana.va)\" width=\"137\" height=\"97\" \/><p id=\"caption-attachment-5352\" class=\"wp-caption-text\">I cristiani di Gaza (da it.radiovaticana.va)<\/p><\/div>\n<p style=\"text-align: justify;\">A Gaza la piccola comunit\u00e0 cristiana \u00e8 ciclicamente oggetto di attacchi da parte degli estremisti islamici; stessa sorte per i Cristiani copti d&#8217;Egitto che, con il 10% dei 90 milioni di abitanti, rappresentano la pi\u00f9 grande minoranza cristiana di tutto il Medio Oriente.<\/p>\n<p style=\"text-align: justify;\">In Birmania, Cina, Corea del Nord, Azerbaigian ed Uzbekistan, le persecuzioni non sono legate a motivi prettamente religiosi, bens\u00ec alla presenza di regimi dispotici e totalitari.<\/p>\n<p style=\"text-align: justify;\">La notizia dei cristiani costretti ad abbandonare le loro case e fuggire non \u00e8 un fatto nuovo, basti pensare a ci\u00f2 che \u00e8 successo in Armenia lo scorso secolo, oppure in Grecia.<\/p>\n<p style=\"text-align: justify;\">Molti religiosi cristiani hanno apertamente manifestato la loro preoccupazione: un autorevole esponente del Patriarcato dei Caldei iracheni ha parlato di \u201cpiani satanici\u201d contro la popolazione cristiana che ogni giorno nelle televisioni, nei giornali e nelle piazze, vengono definiti degli infedeli e trattati come cittadini di seconda serie.<\/p>\n<p style=\"text-align: justify;\">Cristiani identificati come \u201coccidente\u201d, portatori di mali oscuri che devono essere perseguitati. Si dimentica per\u00f2, o si fa finta di dimenticare, che oggi il Cristianesimo ha perso la sua spinta propositiva, a differenza dell&#8217;Islam che ha un ruolo decisamente pi\u00f9 marcato nelle societ\u00e0 mediorientali.<\/p>\n<p style=\"text-align: justify;\">Nell&#8217;Islam non ci sono due autorit\u00e0 distinte e separate come nel cristianesimo; non c&#8217;\u00e8 Dio e Cesare, non c&#8217;\u00e8 una Chiesa e uno Stato ognuna con la propria giurisdizione, con le proprie leggi ed istituzioni.<\/p>\n<p style=\"text-align: justify;\">Per un musulmano Chiesa e Stato sono la stessa cosa, anzi lo Stato islamico \u00e8 considerato una necessit\u00e0 per custodire, difendere e preservare la legge di Dio. Nella teoria e nella concezione popolare lo Stato Islamico \u00e8 \u201csemplicemente\u201d una teocrazia.<\/p>\n<p style=\"text-align: justify;\">Del resto, tutti gli storici sono concordi nel ritenere da sempre l&#8217;Islam una religione del potere in cui il fatto che i musulmani possano governare i non musulmani, rientra nella normalit\u00e0 della percezione religiosa.<\/p>\n<p style=\"text-align: justify;\">Dalla diaspora dei cristiani iracheni che ancora utilizzano l&#8217;aramaico antico, la lingua pi\u00f9 utilizzata ai tempi di Ges\u00f9, all&#8217;attivit\u00e0 dell&#8217;Isis in Siria, il passo \u00e8 stato relativamente breve.<\/p>\n<p style=\"text-align: justify;\">I miliziani dello Stato islamico agiscono non solo nell&#8217;Iraq centro-settentrionale ed in Siria, ma anche negli altri paesi della regione mediorientale con l&#8217;obiettivo di scardinare i confini coloniali &#8211; retaggio occidentale da pi\u00f9 di un secolo &#8211; e creare una zona araba islamica unita e forte comprendente non solo il Medio Oriente, ma anche il Nord Africa, parte dei Balcani e dell&#8217;Asia occidentale. La minaccia \u00e8 reale, e le potenze mondiali sono in allerta.<\/p>\n<p style=\"text-align: justify;\">In tutto ci\u00f2 che sta succedendo, la Chiesa cristiana d&#8217;Oriente \u00e8 priva di colpe? Certamente no. Il problema pi\u00f9 evidente \u00e8 la sua frantumazione e divisione, foriera d&#8221;incomprensioni e di liti che non aiutano l&#8217;unit\u00e0 dei cristiani.<\/p>\n<div id=\"attachment_5354\" style=\"width: 117px\" class=\"wp-caption alignright\"><img aria-describedby=\"caption-attachment-5354\" decoding=\"async\" loading=\"lazy\" class=\"size-full wp-image-5354\" src=\"http:\/\/www.osservatorioanalitico.com\/wp-content\/uploads\/2015\/04\/images-2.jpeg\" alt=\"Riavvicinamento  tra la Chiesa cattolica e la Chiesa cristiana d'Oriente (Fonte: Wikipedia)\" width=\"107\" height=\"75\" \/><p id=\"caption-attachment-5354\" class=\"wp-caption-text\">Riavvicinamento tra la Chiesa cattolica e la Chiesa cristiana d&#8217;Oriente (Fonte: Wikipedia)<\/p><\/div>\n<p style=\"text-align: justify;\">Probabilmente ci sono troppe correnti e riti tra la Chiesa alessandrina, l&#8217;antiochena, l&#8217;armena, la caldea e la bizantina, in cui ciascuna parte vuole conservare la propria tradizione, senza nulla cedere a vantaggio di una unione d&#8217;intenti.<\/p>\n<p style=\"text-align: justify;\">In questi tempi (forse pi\u00f9 che in passato), c&#8217;\u00e8 un autentico bisogno di riscoprire l&#8217;aspetto missionario di una Chiesa pronta ad impegnarsi e che per lungo tempo, per ragioni storiche e per sopravvivenza, \u00e8 stata poco attiva ed in qualche caso anche \u201ccollusa\u201d con il potere locale.<\/p>\n<p style=\"text-align: justify;\">Cosa fare allora per arginare la deriva di un Islam violento che non ha nulla a che vedere con un Islam moderato? Quale strategia si deve adottare per fermare l&#8217;avanzata dell&#8217;Isis?<br \/>\nIn primis l&#8217;intervento &#8211; non inteso (solo) come intervento militare &#8211; della comunit\u00e0 internazionale allo scopo di riconciliare le parti in lotta, difendere la libert\u00e0 religiosa e dare sostegno e supporto alle varie comunit\u00e0.<\/p>\n<p style=\"text-align: justify;\">Altres\u00ec \u00e8 importante ricucire il dialogo interreligioso per poter arrivare finalmente ad una soluzione del conflitto tra israeliani e palestinesi, senza tralasciare l&#8217;Iraq, la Siria e la Libia.<\/p>\n<p style=\"text-align: justify;\">Infine, investire da subito sull&#8217;educazione, antidoto contro la paura e il radicalismo, affinch\u00e9 le nuove generazioni possano dialogare tra loro senza ostacoli ideologici ed essere portatori di un reale cambiamento che accetti la diversit\u00e0, il pluralismo ed i principi del multiculturalismo e della libert\u00e0 religiosa.<\/p>\n<p style=\"text-align: justify;\">\u00a9<a href=\"http:\/\/www.osservatorioanalitico.com\/\">www.osservatorioanalitico.com<\/a> \u2013 Riproduzione riservata<\/p>\n","protected":false},"excerpt":{"rendered":"<p>La presenza dei cristiani in Medio Oriente.<\/p>\n","protected":false},"author":26,"featured_media":5348,"comment_status":"open","ping_status":"closed","sticky":false,"template":"","format":"standard","meta":{"jetpack_post_was_ever_published":false,"jetpack_publicize_message":"","jetpack_is_tweetstorm":false,"jetpack_publicize_feature_enabled":true,"jetpack_social_post_already_shared":true,"jetpack_social_options":[]},"categories":[3,418,1273],"tags":[2166,2167,2168],"jetpack_publicize_connections":[],"aioseo_notices":[],"jetpack_featured_media_url":"https:\/\/www.osservatorioanalitico.com\/wp-content\/uploads\/2015\/04\/images.jpeg","jetpack_shortlink":"https:\/\/wp.me\/p4fe9l-1oe","jetpack_likes_enabled":false,"_links":{"self":[{"href":"https:\/\/www.osservatorioanalitico.com\/index.php?rest_route=\/wp\/v2\/posts\/5346"}],"collection":[{"href":"https:\/\/www.osservatorioanalitico.com\/index.php?rest_route=\/wp\/v2\/posts"}],"about":[{"href":"https:\/\/www.osservatorioanalitico.com\/index.php?rest_route=\/wp\/v2\/types\/post"}],"author":[{"embeddable":true,"href":"https:\/\/www.osservatorioanalitico.com\/index.php?rest_route=\/wp\/v2\/users\/26"}],"replies":[{"embeddable":true,"href":"https:\/\/www.osservatorioanalitico.com\/index.php?rest_route=%2Fwp%2Fv2%2Fcomments&post=5346"}],"version-history":[{"count":4,"href":"https:\/\/www.osservatorioanalitico.com\/index.php?rest_route=\/wp\/v2\/posts\/5346\/revisions"}],"predecessor-version":[{"id":5355,"href":"https:\/\/www.osservatorioanalitico.com\/index.php?rest_route=\/wp\/v2\/posts\/5346\/revisions\/5355"}],"wp:featuredmedia":[{"embeddable":true,"href":"https:\/\/www.osservatorioanalitico.com\/index.php?rest_route=\/wp\/v2\/media\/5348"}],"wp:attachment":[{"href":"https:\/\/www.osservatorioanalitico.com\/index.php?rest_route=%2Fwp%2Fv2%2Fmedia&parent=5346"}],"wp:term":[{"taxonomy":"category","embeddable":true,"href":"https:\/\/www.osservatorioanalitico.com\/index.php?rest_route=%2Fwp%2Fv2%2Fcategories&post=5346"},{"taxonomy":"post_tag","embeddable":true,"href":"https:\/\/www.osservatorioanalitico.com\/index.php?rest_route=%2Fwp%2Fv2%2Ftags&post=5346"}],"curies":[{"name":"wp","href":"https:\/\/api.w.org\/{rel}","templated":true}]}}