{"id":4954,"date":"2014-11-11T17:44:52","date_gmt":"2014-11-11T16:44:52","guid":{"rendered":"http:\/\/www.osservatorioanalitico.com\/?p=4954"},"modified":"2014-11-11T17:44:52","modified_gmt":"2014-11-11T16:44:52","slug":"burkina-faso-e-i-soliti-noti","status":"publish","type":"post","link":"https:\/\/www.osservatorioanalitico.com\/?p=4954","title":{"rendered":"BURKINA FASO E I SOLITI NOTI"},"content":{"rendered":"<p style=\"text-align: justify;\"><em>Burkina Faso: come \u00e8 lontano dall&#8217;Europa ma\u2026.pu\u00f2 diventare l\u2019ennesimo territorio dove l\u2019ISIS pu\u00f2 espandersi. Qualche notizia su fatti recenti.<\/em><\/p>\n<p style=\"text-align: justify;\"><em>Il Direttore scientifico: Maria Gabriella Pasqualini\u00a0 \u00a0 \u00a0<\/em><\/p>\n<div id=\"attachment_4957\" style=\"width: 140px\" class=\"wp-caption alignleft\"><a href=\"http:\/\/www.osservatorioanalitico.com\/wp-content\/uploads\/2014\/11\/images-12.jpeg\"><img aria-describedby=\"caption-attachment-4957\" decoding=\"async\" loading=\"lazy\" class=\"size-full wp-image-4957\" src=\"http:\/\/www.osservatorioanalitico.com\/wp-content\/uploads\/2014\/11\/images-12.jpeg\" alt=\"Blaise Campaor\u00e9\" width=\"130\" height=\"92\" \/><\/a><p id=\"caption-attachment-4957\" class=\"wp-caption-text\">Blaise Campaor\u00e9<\/p><\/div>\n<p style=\"text-align: justify;\">La ribellione che a fine ottobre ha costretto il Presidente Blaise Compaor\u00e9, da 27 anni al potere, a dichiarare lo stato d\u2019emergenza, lo scioglimento del Governo e le sue dimissioni ha reso il Burkina Faso un Paese in bilico.<\/p>\n<p style=\"text-align: justify;\">Di certo, i manifestanti sono riuscita a superare anche i rinforzi militari di Togo e Benin richiesti da Compaor\u00e9 in uno scontro che ha registrato una trentina di giovani uccisi e numerosi feriti.<\/p>\n<p style=\"text-align: justify;\">Ci\u00f2 nonostante, i dimostranti sono arrivati a sfondare lo sbarramento militare e assaltato il Parlamento, impedendone la modifica costituzionale per un terzo mandato presidenziale alle elezioni del 2015.<\/p>\n<p style=\"text-align: justify;\">Quanto la situazione sia instabile emerge quando il generale Honor\u00e9 Traor\u00e9, indicato dai militari ma giudicato dalla popolazione in lotta troppo vicino al dimissionario Presidente, si \u00e8 autoproclamato Capo di Stato provvisorio.<\/p>\n<p style=\"text-align: justify;\">Traor\u00e9 non ha neppure avuto il tempo di autocelebrarsi che il colonnello Isaak Zida nello stesso pomeriggio ha annunciato il coprifuoco e la chiusura delle frontiere.<\/p>\n<p style=\"text-align: justify;\">Il giorno successivo inoltre, i manifestanti che si dirigevano verso la televisione nazionale per accompagnare il generale in pensione Kouam\u00e9 Lougu\u00e9, preferito dalla popolazione, per autoproclamarsi Presidente, furono fermati dai militari che hanno dato avvio a scontri con un bilancio di un morto e decine di feriti. Poi, le parti coinvolte, i partiti di opposizione e di maggioranza e militari si sono riunite per trovare un\u2019intesa. La Costituzione, sospesa, \u00e8 allora tornata in vigore e una coalizione rappresentativa ha gestito un breve periodo di transizione per preparare nuove elezioni. All\u2019unanimit\u00e0, i militari hanno scelto come Capo interinale dello Stato il colonnello Isaak Zida.<\/p>\n<div id=\"attachment_4958\" style=\"width: 139px\" class=\"wp-caption alignright\"><a href=\"http:\/\/www.osservatorioanalitico.com\/wp-content\/uploads\/2014\/11\/images2.jpeg\"><img aria-describedby=\"caption-attachment-4958\" decoding=\"async\" loading=\"lazy\" class=\"size-full wp-image-4958\" src=\"http:\/\/www.osservatorioanalitico.com\/wp-content\/uploads\/2014\/11\/images2.jpeg\" alt=\"Isaac Zida\" width=\"129\" height=\"114\" \/><\/a><p id=\"caption-attachment-4958\" class=\"wp-caption-text\">Isaac Zida<\/p><\/div>\n<p style=\"text-align: justify;\">Ma intanto dove si trova Compaor\u00e9? E chi \u00e8 Isaac Zida?<\/p>\n<p style=\"text-align: justify;\">Alla prima domanda risponde il Presidente francese Hollande durante la visita in Canada. Alla seconda un esponente statunitense.<\/p>\n<p style=\"text-align: justify;\">La Francia ha gestito la fuga di Compaor\u00e9 a Yamoussoukro, capitale della Costa d\u2019Avorio, sotto la protezione del Presidente Alassane Quattara, che ricambia l\u2019aiuto ricevuto per la conquista del potere contro il Presidente uscente, Gbagbo che rifiutava di riconoscere la sconfitta elettorale.<\/p>\n<p style=\"text-align: justify;\">La Francia, che ha colonizzato il Burkina Faso fino all\u2019indipendenza nel 1960, ha nel Paese 3.600 cittadini e dispone di migliaia di soldati e di forze speciali per la lotta contro il terrorismo nell\u2019intera fascia sahelo-subsahariana.<\/p>\n<p style=\"text-align: justify;\">La stessa \u201cguerra\u201d che portano avanti anche gli USA. Gli statunitensi in Burkina Faso hanno l\u2019 U.S. Africa Comand con una base delle Operazioni Speciali per tutta l\u2019Africa Occidentale.<\/p>\n<p style=\"text-align: justify;\">Il portavoce dell\u2019U.S. Africa Comand, Mark Cheadle, d\u00e0 la notizia che il colonnello Isaak Zida, neo eletto Capo di Stato ad interim, ha seguito negli USA corsi di addestramento contro il terrorismo nel 2012.<\/p>\n<p style=\"text-align: justify;\">Il colonnello Zida usa un linguaggio simile a quello dei giovani burkinab\u00e8, che si ispirano al rivoluzionario Thomas Sankara, autore del colpo di Stato del 1983, amico di Fidel Castro e nell\u2019immaginario collettivo giovanile ritenuto l\u2019 \u201duomo che aveva realizzato il Paese dei giusti\u201d.<\/p>\n<div id=\"attachment_4960\" style=\"width: 210px\" class=\"wp-caption alignleft\"><a href=\"http:\/\/www.osservatorioanalitico.com\/wp-content\/uploads\/2014\/11\/thomas_sankara.jpg\"><img aria-describedby=\"caption-attachment-4960\" decoding=\"async\" loading=\"lazy\" class=\"size-medium wp-image-4960\" src=\"http:\/\/www.osservatorioanalitico.com\/wp-content\/uploads\/2014\/11\/thomas_sankara-200x300.jpg\" alt=\"Thomas Sankara\" width=\"200\" height=\"300\" srcset=\"https:\/\/www.osservatorioanalitico.com\/wp-content\/uploads\/2014\/11\/thomas_sankara-200x300.jpg 200w, https:\/\/www.osservatorioanalitico.com\/wp-content\/uploads\/2014\/11\/thomas_sankara.jpg 640w\" sizes=\"(max-width: 200px) 100vw, 200px\" \/><\/a><p id=\"caption-attachment-4960\" class=\"wp-caption-text\">Thomas Sankara<\/p><\/div>\n<p style=\"text-align: justify;\">Sankara venne ucciso nel 1987 durante il golpe che avrebbe portato al potere il suo vice, Blaise Compaor\u00e8, per decenni alfiere degli interesse francesi, statunitensi e occidentali in generale e accusato dalla vedova del leader di essere il responsabile della morte del marito per prenderne il posto.<\/p>\n<p style=\"text-align: justify;\">Il colonnello Zida \u00e8 il vice Comandante della Guardia Presidenziale formata da 2 mila uomini per le operazioni speciali, che seguono addestramenti adeguati, hanno in dotazione le migliori armi e sono generosamente retribuiti. E quindi odiati dai soldati che non ne condividono i privilegi.<\/p>\n<p style=\"text-align: justify;\">Zida conosceva bene Sankara e condivide con Compaor\u00e9 il sospetto &#8211; mai dimostrato &#8211; di non essere estraneo al commando che uccise Sankara su interessate pressioni esterne.<\/p>\n<p style=\"text-align: justify;\">Da Unione Africana e USA arrivano precise richieste di stabilit\u00e0. L\u2019U.A. concede due settimane ai militari per cedere il potere a un Governo civile, pena sanzioni.<\/p>\n<p style=\"text-align: justify;\">Il portavoce del Dipartimento di Stato USA comunica che lo Stato non ha ancora deciso se interrompere l\u2019aiuto militare finora assicurato, attesa la situazione del Paese.<\/p>\n<p style=\"text-align: justify;\">In sintonia con U.A. e USA, Zida preannunzia il rapido ritorno all\u2019ordine costituzionale, premessa dl passaggio di potere a un organo transitorio civile.<\/p>\n<p style=\"text-align: justify;\">Per riportare il Paese alla stabilit\u00e0 saranno fondamentali il ruolo delle Forze Armate e il confronto fra la maggioranza espressa dal Balai Citoyen e che ha dato inizio e respiro alla rivolta e l\u2019opposizione.<\/p>\n<p style=\"text-align: justify;\">Durante il colpo di Stato realizzato dalla popolazione, l\u2019Esercito non ha dato prova di unit\u00e0 n\u00e9 di coerenza. Poche sono state le unit\u00e0 riunitesi alle proteste mentre la quasi totalit\u00e0 si \u00e8 schierata a difesa di Presidente, Istituzioni e asset pubblici e privati, e si \u00e8 scontrata con i dimostranti.<\/p>\n<p style=\"text-align: justify;\">A dimissione avvenuta di Compaor\u00e9, i militari hanno prima proposto Kouam\u00e9 Lougu\u00e9, generale a riposo ma apprezzato dalle masse, poi il vice Capo di Stato Maggiore Honor\u00e9 Traor\u00e9, troppo vicino al precedente Presidente, fino a trovare l\u2019unanimit\u00e0 sul colonnello Isaac Zida.<\/p>\n<p style=\"text-align: justify;\">Per quanto riguarda la cittadinanza, anche se la maggioranza rimprovera all\u2019opposizione un approccio molto comprensivo per la politica socio-economica del Presidente troppo penalizzante per i meno abbienti, non emergono profonde divisioni, come dimostrano le proteste che hanno portato fino a un milione di persone in piazza.<\/p>\n<p style=\"text-align: justify;\">E\u2019 dunque certo che un altro Paese africano \u00e8 in bilico e pu\u00f2 diventare facile preda dell\u2019espansione dei movimenti jihadisti presenti nell\u2019area dove il leader di \u201cAl Qaeda in the Islamic Maghreb\u201d (AQIM), Mokhtar Belmokhtar ha recentemente giurato fedelt\u00e0 a Daish (Al Dawal al Islamiyyah fi Iraq wah Sham).<\/p>\n<p style=\"text-align: justify;\">\u00a9<a href=\"http:\/\/www.osservatorioanalitico.com\/\">www.osservatorioanalitico.com<\/a> \u2013 Riproduzione riservata<\/p>\n<p style=\"text-align: justify;\"><a href=\"http:\/\/www.osservatorioanalitico.com\/wp-content\/uploads\/2014\/11\/burk-LMAP-md.png\"><img decoding=\"async\" loading=\"lazy\" class=\"aligncenter size-medium wp-image-4956\" src=\"http:\/\/www.osservatorioanalitico.com\/wp-content\/uploads\/2014\/11\/burk-LMAP-md-300x300.png\" alt=\"burk-LMAP-md\" width=\"300\" height=\"300\" srcset=\"https:\/\/www.osservatorioanalitico.com\/wp-content\/uploads\/2014\/11\/burk-LMAP-md-300x300.png 300w, https:\/\/www.osservatorioanalitico.com\/wp-content\/uploads\/2014\/11\/burk-LMAP-md-150x150.png 150w, https:\/\/www.osservatorioanalitico.com\/wp-content\/uploads\/2014\/11\/burk-LMAP-md.png 965w\" sizes=\"(max-width: 300px) 100vw, 300px\" \/><\/a><\/p>\n","protected":false},"excerpt":{"rendered":"<p>Burkina Faso: come \u00e8 lontano dall&#8217;Europa ma\u2026.pu\u00f2 diventare l\u2019ennesimo territorio dove l\u2019ISIS pu\u00f2 espandersi. Qualche notizia su fatti recenti.<\/p>\n","protected":false},"author":1,"featured_media":4962,"comment_status":"open","ping_status":"closed","sticky":false,"template":"","format":"standard","meta":{"jetpack_post_was_ever_published":false,"jetpack_publicize_message":"","jetpack_is_tweetstorm":false,"jetpack_publicize_feature_enabled":true,"jetpack_social_post_already_shared":true,"jetpack_social_options":[]},"categories":[4,487,52,1291],"tags":[2002,2003,2005,2006,2004,2001],"jetpack_publicize_connections":[],"aioseo_notices":[],"jetpack_featured_media_url":"https:\/\/www.osservatorioanalitico.com\/wp-content\/uploads\/2014\/11\/images-2.jpeg","jetpack_shortlink":"https:\/\/wp.me\/p4fe9l-1hU","jetpack_likes_enabled":false,"_links":{"self":[{"href":"https:\/\/www.osservatorioanalitico.com\/index.php?rest_route=\/wp\/v2\/posts\/4954"}],"collection":[{"href":"https:\/\/www.osservatorioanalitico.com\/index.php?rest_route=\/wp\/v2\/posts"}],"about":[{"href":"https:\/\/www.osservatorioanalitico.com\/index.php?rest_route=\/wp\/v2\/types\/post"}],"author":[{"embeddable":true,"href":"https:\/\/www.osservatorioanalitico.com\/index.php?rest_route=\/wp\/v2\/users\/1"}],"replies":[{"embeddable":true,"href":"https:\/\/www.osservatorioanalitico.com\/index.php?rest_route=%2Fwp%2Fv2%2Fcomments&post=4954"}],"version-history":[{"count":3,"href":"https:\/\/www.osservatorioanalitico.com\/index.php?rest_route=\/wp\/v2\/posts\/4954\/revisions"}],"predecessor-version":[{"id":4963,"href":"https:\/\/www.osservatorioanalitico.com\/index.php?rest_route=\/wp\/v2\/posts\/4954\/revisions\/4963"}],"wp:featuredmedia":[{"embeddable":true,"href":"https:\/\/www.osservatorioanalitico.com\/index.php?rest_route=\/wp\/v2\/media\/4962"}],"wp:attachment":[{"href":"https:\/\/www.osservatorioanalitico.com\/index.php?rest_route=%2Fwp%2Fv2%2Fmedia&parent=4954"}],"wp:term":[{"taxonomy":"category","embeddable":true,"href":"https:\/\/www.osservatorioanalitico.com\/index.php?rest_route=%2Fwp%2Fv2%2Fcategories&post=4954"},{"taxonomy":"post_tag","embeddable":true,"href":"https:\/\/www.osservatorioanalitico.com\/index.php?rest_route=%2Fwp%2Fv2%2Ftags&post=4954"}],"curies":[{"name":"wp","href":"https:\/\/api.w.org\/{rel}","templated":true}]}}