{"id":4509,"date":"2014-07-03T18:32:47","date_gmt":"2014-07-03T17:32:47","guid":{"rendered":"http:\/\/www.osservatorioanalitico.com\/?p=4509"},"modified":"2014-07-04T17:10:40","modified_gmt":"2014-07-04T16:10:40","slug":"alcune-considerazioni-sulla-situazione-attuale-di-un-iraniano","status":"publish","type":"post","link":"https:\/\/www.osservatorioanalitico.com\/?p=4509","title":{"rendered":"Alcune considerazioni sulla situazione attuale&#8230;di un iraniano.1."},"content":{"rendered":"<p style=\"text-align: justify;\"><em>L&#8217;articolo che segue \u00e8 frutto di alcuni scambi di opinione fra il Direttore Scientifico di OA e un esule iraniano stabilitosi da lungo tempo in Italia, dove lavora come imprenditore. Ali Karbalee non \u00e8 un giornalista, non \u00e8 uno scrittore, non \u00e8 un analista ma \u00e8 sembrato a questa Direzione molto interessante proporre alcune sue considerazioni, non riassunte ma da lui stesso espresse nella nostra lingua. L&#8217;opinione di chi non \u00e8 europeo ma ben comprende alcune situazioni \u00e8 da considerare e da rifletterci. Ci siamo permessi solamente di &#8216;assestare&#8217; la lingua italiana, lasciando integro l&#8217;impianto del ragionamento con le sue stesse parole. I commenti sono graditi.<\/em><\/p>\n<p style=\"text-align: justify;\"><em>Il Direttore scientifico: Maria Gabriella Pasqualini<\/em><\/p>\n<div id=\"attachment_4399\" style=\"width: 310px\" class=\"wp-caption aligncenter\"><a href=\"http:\/\/www.osservatorioanalitico.com\/wp-content\/uploads\/2014\/06\/lyonalislam-isis-tank_1024.jpg\"><img aria-describedby=\"caption-attachment-4399\" decoding=\"async\" loading=\"lazy\" class=\"size-medium wp-image-4399\" src=\"http:\/\/www.osservatorioanalitico.com\/wp-content\/uploads\/2014\/06\/lyonalislam-isis-tank_1024-300x195.jpg\" alt=\"Un Tank di ISIS\" width=\"300\" height=\"195\" srcset=\"https:\/\/www.osservatorioanalitico.com\/wp-content\/uploads\/2014\/06\/lyonalislam-isis-tank_1024-300x195.jpg 300w, https:\/\/www.osservatorioanalitico.com\/wp-content\/uploads\/2014\/06\/lyonalislam-isis-tank_1024.jpg 960w\" sizes=\"(max-width: 300px) 100vw, 300px\" \/><\/a><p id=\"caption-attachment-4399\" class=\"wp-caption-text\">Un Tank di ISIS<\/p><\/div>\n<p style=\"text-align: justify;\">La crisi mediorientale che minaccia la pace del Mondo giorno dopo giorno, si evolve in una situazione militare e terroristica; e\u2019 la conseguenza delle decisioni non ben calcolate da parte delle super potenze nella divisione coloniale del medioriente; in Iran con la rivoluzione Islamica dell\u2019Ayatollah Khomeini e, successivamente, con la primavera araba, supportata nelle Cancellerie occidentali che ha poi ovviamente lasciato al loro destino le popolazioni interessate.<\/p>\n<p style=\"text-align: justify;\">In queste circostanze \u00e8 stato \u2018rispolverato\u2019 l\u2019Islam radicale e ha avuto nuova fortuna il movimento dei Fratelli Musulmani in Egitto ed altri paesi Arabi Musulmani come la Libia, l\u2019Afghanistan ed l\u2019Iraq. L\u2019incapacit\u00e0\u2019 occidentale, sia per la recessione economica e sia per il disinteresse del Presidente Obama, in nome della libert\u00e0 e della democrazia, ha lasciato al loro destino i popoli, non controllando questi movimenti sorti nel nome appunto di libert\u00e0 e democrazia, oppure, anche come reazione alla nascita delle nuovi potenze emergenti, non ha fatto altro che incoraggiare le richieste illegittime dei gruppi armati Musulmani nel minare i sistemi politici al potere e filo occidentali in vari paesi del medi oriente, sognando di viaggiare nei secoli di vari Imperi e desiderando la loro rinascita sotto forma del Medioevale Khaliffato Islamico. Tutto questo con un totale disinteresse dell\u2019America e l\u2019incapacit\u00e0\u2019dei suoi alleati nell\u2019imporsi a certe situazioni e ovviamente lasciando spazio poi a potenze emergenti come la Cina e la Russia e l\u2019India in Estremo Oriente.<a href=\"http:\/\/www.osservatorioanalitico.com\/wp-content\/uploads\/2014\/05\/1325598208_42_iran_riyali_.jpg\"><img decoding=\"async\" loading=\"lazy\" class=\"alignright size-medium wp-image-4311\" src=\"http:\/\/www.osservatorioanalitico.com\/wp-content\/uploads\/2014\/05\/1325598208_42_iran_riyali_-300x224.jpg\" alt=\"1325598208_42_iran_riyali_\" width=\"300\" height=\"224\" srcset=\"https:\/\/www.osservatorioanalitico.com\/wp-content\/uploads\/2014\/05\/1325598208_42_iran_riyali_-300x224.jpg 300w, https:\/\/www.osservatorioanalitico.com\/wp-content\/uploads\/2014\/05\/1325598208_42_iran_riyali_.jpg 448w\" sizes=\"(max-width: 300px) 100vw, 300px\" \/><\/a><\/p>\n<p style=\"text-align: justify;\">Di conseguenza i valori che vengono sacrificati per il momento sono l\u2019ordine mondiale, che si e\u2019 trasformato in nuovo disordine mondiale, la libert\u00e0 e la democrazia, permettendo di allargare le richieste degli \u2018insurgents\u2019, fatti, in alcuni casi, nascere e prosperare dagli stessi paesi occidentali come gli Stati Uniti od Israele, oppure la Repubblica Islamica dell\u2019 Iran (ISIS e Hezbollah del Libano che hanno fatto comodo in un certo modo all\u2019inizio al Presidente Siriano ed al suo creatore, l\u2019Iran); ora \u00e8 la guerra fra e Sciti e Sunniti che \u2018allungano\u2019 le pretese [di revisione] fino alla Prima Guerra Mondiale, con la rivendicazione di territori persi, pretendendo di annullare il patto del 1916 di Sykes-Picot tra Francia e la Gran Britania e realizzare il Khaliffato Islamico della Siria-Iraq e chi sa cos\u2019altro.<\/p>\n<p style=\"text-align: justify;\">I paesi occidentali a questo punto, vista la non collaborazione della Cina e Russia senza pre condizioni, hanno proprio il dovere per il loro interesse come garanti della sicurezza del mondo di appoggiare le richieste della popolazione dei paesi dittatoriali come l\u2019Iran, nel cambiare questi regimi, ovviamente non sostituendoli con altri terroristi come i dirigenti dell\u2019Onda verde,oppure i Mujahdin in Iran, per garantire la Liberta\u2019 e la Democrazia e la sicurezza del Pianeta uscendo dal tunnel della Prima Guerra Mondiale.<\/p>\n<div id=\"attachment_4177\" style=\"width: 310px\" class=\"wp-caption alignleft\"><a href=\"http:\/\/www.osservatorioanalitico.com\/wp-content\/uploads\/2014\/04\/20140210-FLAG-JABHAT-AL-NUSRA-660X440.jpg\"><img aria-describedby=\"caption-attachment-4177\" decoding=\"async\" loading=\"lazy\" class=\"size-medium wp-image-4177\" src=\"http:\/\/www.osservatorioanalitico.com\/wp-content\/uploads\/2014\/04\/20140210-FLAG-JABHAT-AL-NUSRA-660X440-300x200.jpg\" alt=\"La bandiera di Jabhat Al Nusra\" width=\"300\" height=\"200\" srcset=\"https:\/\/www.osservatorioanalitico.com\/wp-content\/uploads\/2014\/04\/20140210-FLAG-JABHAT-AL-NUSRA-660X440-300x200.jpg 300w, https:\/\/www.osservatorioanalitico.com\/wp-content\/uploads\/2014\/04\/20140210-FLAG-JABHAT-AL-NUSRA-660X440.jpg 660w\" sizes=\"(max-width: 300px) 100vw, 300px\" \/><\/a><p id=\"caption-attachment-4177\" class=\"wp-caption-text\">La bandiera di Jabhat Al Nusra<\/p><\/div>\n<p style=\"text-align: justify;\">Con un Iran Islamico sul punto di avere la bomba atomica e che, avendo un\u2019arma del genere ed appoggiando il terrorismo internazionale e medio orientale, sposta le linee \u2018rosse\u2019 del suo confine per garantirsi la sicurezza del suo regime, non sar\u00e0 facile risolvere il perno centrale del 90% dei problemi medio orientali: si dice che per neutralizzare il Serpente bisogna schiacciare la sua testa, e allora questo compito dovrebbe attuarlo il Popolo Iraniano, altrimenti Israele ha gi\u00e0 ha un piano per neutralizzare gli Ayatollah che non sarebbe poco doloroso per la comunit\u00e0 internazionale.<\/p>\n<p style=\"text-align: justify;\"><em>(continua)<\/em><\/p>\n<p style=\"text-align: justify;\">\u00a9<a href=\"http:\/\/www.osservatorioanalitico.com\/\">www.osservatorioanalitico.com<\/a> \u2013 Riproduzione riservata<\/p>\n","protected":false},"excerpt":{"rendered":"<p>L&#8217;ordine mondiale \u00e8 in pericolo a causa degli ultimi avvenimenti&#8230;Califfato islamico, pretese di annullare l&#8217;accordo Sykes-Picot da parte dell&#8217;ISIS.<\/p>\n","protected":false},"author":3273,"featured_media":4503,"comment_status":"open","ping_status":"closed","sticky":false,"template":"","format":"standard","meta":{"jetpack_post_was_ever_published":false,"jetpack_publicize_message":"","jetpack_is_tweetstorm":false,"jetpack_publicize_feature_enabled":true,"jetpack_social_post_already_shared":true,"jetpack_social_options":[]},"categories":[3,7,1284,80,145,131,1290,1291],"tags":[1776,1764,1778,1777,21,1728,1580,24],"jetpack_publicize_connections":[],"aioseo_notices":[],"jetpack_featured_media_url":"https:\/\/www.osservatorioanalitico.com\/wp-content\/uploads\/2014\/06\/Abu-Bakr-al-Baghdadi-Al-Qaeda-Iraq-ISIS-400x330.jpg","jetpack_shortlink":"https:\/\/wp.me\/p4fe9l-1aJ","jetpack_likes_enabled":true,"_links":{"self":[{"href":"https:\/\/www.osservatorioanalitico.com\/index.php?rest_route=\/wp\/v2\/posts\/4509"}],"collection":[{"href":"https:\/\/www.osservatorioanalitico.com\/index.php?rest_route=\/wp\/v2\/posts"}],"about":[{"href":"https:\/\/www.osservatorioanalitico.com\/index.php?rest_route=\/wp\/v2\/types\/post"}],"author":[{"embeddable":true,"href":"https:\/\/www.osservatorioanalitico.com\/index.php?rest_route=\/wp\/v2\/users\/3273"}],"replies":[{"embeddable":true,"href":"https:\/\/www.osservatorioanalitico.com\/index.php?rest_route=%2Fwp%2Fv2%2Fcomments&post=4509"}],"version-history":[{"count":6,"href":"https:\/\/www.osservatorioanalitico.com\/index.php?rest_route=\/wp\/v2\/posts\/4509\/revisions"}],"predecessor-version":[{"id":4515,"href":"https:\/\/www.osservatorioanalitico.com\/index.php?rest_route=\/wp\/v2\/posts\/4509\/revisions\/4515"}],"wp:featuredmedia":[{"embeddable":true,"href":"https:\/\/www.osservatorioanalitico.com\/index.php?rest_route=\/wp\/v2\/media\/4503"}],"wp:attachment":[{"href":"https:\/\/www.osservatorioanalitico.com\/index.php?rest_route=%2Fwp%2Fv2%2Fmedia&parent=4509"}],"wp:term":[{"taxonomy":"category","embeddable":true,"href":"https:\/\/www.osservatorioanalitico.com\/index.php?rest_route=%2Fwp%2Fv2%2Fcategories&post=4509"},{"taxonomy":"post_tag","embeddable":true,"href":"https:\/\/www.osservatorioanalitico.com\/index.php?rest_route=%2Fwp%2Fv2%2Ftags&post=4509"}],"curies":[{"name":"wp","href":"https:\/\/api.w.org\/{rel}","templated":true}]}}