{"id":10950,"date":"2024-10-31T20:07:08","date_gmt":"2024-10-31T19:07:08","guid":{"rendered":"http:\/\/www.osservatorioanalitico.com\/?p=10950"},"modified":"2024-10-31T20:07:11","modified_gmt":"2024-10-31T19:07:11","slug":"ma-una-domanda-non-se-la-fanno","status":"publish","type":"post","link":"https:\/\/www.osservatorioanalitico.com\/?p=10950","title":{"rendered":"Ma una domanda non se la fanno?"},"content":{"rendered":"\n<p>Questo blog di analisi ha sempre scelto di non scrivere su problemi italiani, ritenendo che altri sappiano meglio analizzare quanto accade su suolo italiano. Ma oggi chi scrive ha deciso di dire qualcosa. Probabili banalit\u00e0, ma rappresentano il pensiero di una cittadina assolutamente comune che ha vissuto fuori Italia, che ha viaggiato e viaggia molto e che vorrebbe vedere il suo Stato di nascita andare nel XXI secolo con una situazione sempre in miglioramento, anche con l&#8217;apporto di una popolazione etnicamente diversa dall&#8217;originale, perch\u00e9 proveniente da altre culture che possono arricchire notevolmente quella originale, concretando un amalgama di pensieri, idee e modi di vita.<\/p>\n\n\n\n<figure class=\"wp-block-image size-large\"><img decoding=\"async\" loading=\"lazy\" width=\"580\" height=\"312\" src=\"http:\/\/www.osservatorioanalitico.com\/wp-content\/uploads\/2024\/10\/Roma-da-casa-mia-580x312.jpg\" alt=\"\" class=\"wp-image-10952\" srcset=\"https:\/\/www.osservatorioanalitico.com\/wp-content\/uploads\/2024\/10\/Roma-da-casa-mia-580x312.jpg 580w, https:\/\/www.osservatorioanalitico.com\/wp-content\/uploads\/2024\/10\/Roma-da-casa-mia-280x151.jpg 280w, https:\/\/www.osservatorioanalitico.com\/wp-content\/uploads\/2024\/10\/Roma-da-casa-mia-300x162.jpg 300w, https:\/\/www.osservatorioanalitico.com\/wp-content\/uploads\/2024\/10\/Roma-da-casa-mia.jpg 717w\" sizes=\"(max-width: 580px) 100vw, 580px\" \/><\/figure>\n\n\n\n<p>Attenzione per\u00f2: ci vuole rispetto per le singole culture, ivi compresa la preesistente sul territorio.<\/p>\n\n\n\n<p>Dunque: i Signori politici, peraltro lautamente retribuiti, fors&#8217;anche troppo, dai cittadini, si sono mai posti la domanda della progressiva disaffezione di questi per le urne elettorali, sia quando si tratta di elezioni politiche sia per quelle regionali o comunali?<\/p>\n\n\n\n<p>Ah no: ricordano il cittadino solo quando si tratta di conservare la &#8216;cadrega&#8217; parlamentare o similare per ottenerne il voto, magari di preferenza.<\/p>\n\n\n\n<p>Credo si sia arrivati a un punto molto serio.&nbsp;<\/p>\n\n\n\n<p>Non riescono a governare l&#8217;immigrazione non da ora ma da almeno una dozzina di anni. Non \u00e8 che la governino male. Non la governano proprio. Certo non \u00e8 facile integrare migliaia di migranti, la maggior parte dei quali senza titoli di studio e senza un mestiere in mano. Eppure molto denaro corre per foraggiare cooperative di assistenza. Eppure ne troviamo molti di questi migranti per strada, abbandonati a se stessi e per sopravvivere, fanno quel che possono, molto spesso al di fuori della legalit\u00e0. Quelli che lavorano seriamente non devono essere sfruttati ma rispettati.<\/p>\n\n\n\n<p>Abbiamo bisogno di immigrazione per il lavoro e la natalit\u00e0. Questo \u00e8 certo ormai. Ma tutto va organizzato e soprattutto &#8216;governato&#8217; affinch\u00e9 questi poveri illusi, che hanno lasciato Paesi &#8216;non sicuri&#8217;, pagando all&#8217;organizzazione criminale scafista congrue \u2013 cio\u00e8 assolutamente incongrue &#8211; somme per un passaggio in mare pericoloso e non sempre andato a buon fine, possano trovare una vita dignitosa.&nbsp;<\/p>\n\n\n\n<p>Su questo problema si innesta molto seriamente, l&#8217;attento rinvio pregiudiziale del 25 ottobre con due quesiti alla Corte di Giustizia dell&#8217;Unione Europea da parte del Tribunale Ordinario di Bologna &#8211; Sezione specializzata in materia di immigrazione, relativo al d.l. 23 ottobre n. 158 (Disposizioni urgenti in materia di procedure per il riconoscimento della protezione internazionale). Il rinvio \u00e8 assolutamente lecito perch\u00e9 i Signori Magistrati hanno tutto il diritto di avere perplessit\u00e0 sulla possibile applicazione dello stesso Decreto. Per\u00f2 una parte dell&#8217;ordinanza, relativa al primo quesito formulato alla Corte, ricorda testualmente che&nbsp;<em>il sistema della protezione internazionale \u00e8 per sua natura sistema giuridico di garanzie per le minoranze esposte a rischi provenienti da agenti persecutori, statuali o meno<\/em>&nbsp;&#8230;<em>Si potrebbe dire,<\/em>&nbsp;<em>paradossalmente, che la Germania sotto il regime nazista era un paese estremamente sicuro per la stragrande maggioranza della popolazione tedesca, fatti salvi gli ebrei, gli omosessuali, le persone di etnia rom&#8230;Lo stesso pu\u00f2 dirsi dell&#8217;Italia sotto il regime fascista.<\/em>..osservando che&nbsp;<em>se si dovesse ritenere sicuro un Paese quando la sicurezza \u00e8 garantita alla generalit\u00e0 della popolazione, la nozione giuridica di paesi di origine sicura si potrebbe applicare a quasi tutti i Paesi del mondo e sarebbe quindi una nozione priva di qualsiasi consistenza giuridica.&nbsp;<\/em>Corretta la menzione fatta sulla Romania di Ceausescu e sul regime di Pol Pot (qui non riportata), ma si cade poi in una &#8216;svista&#8217; grave di analisi storico-politica, ricordando anni e ideologie precedenti alla fine della seconda guerra mondiale, da circa 80-100 anni superati, almeno in Europa e nel mondo occidentale. Peraltro il Rinvio con una lunga ordinanza \u00e8 molto ben argomentato e di notevole interesse dal punto di vista giuridico.&nbsp;<\/p>\n\n\n\n<p>Praticamente, per\u00f2, in questo XXI secolo i Paesi &#8216;sicuri&#8217; non sono pi\u00f9 delle dita di una mano. L&#8217;Italia \u00e8 uno di questi ma&#8230;la maggior parte dei politici non ha compreso che, come tutta l&#8217;Europa o quasi, ormai molto debole politicamente e ideologicamente, anche l&#8217;Italia corre il rischio di &#8216;islamizzarsi&#8217; nei prossimi venti anni, ma con quel Islam radicalizzato che Oriana Fallaci aveva ben compreso, soprattutto dopo la sua nota intervista con Khomeini nel 1979 e gli attentati dell&#8217;11 settembre 2001 a New York.&nbsp;<\/p>\n\n\n\n<p>Occorre quindi far rispettare la cultura occidentale, nel caso italiana, nel rispetto delle altre culture, pur accettandone sul nostro territorio loro seguaci, integrandoli, per\u00f2, con il rispetto delle nostre leggi e delle nostre abitudini nella vita quotidiana e familiare, non scardinando totalmente la societ\u00e0 italiana gi\u00e0 peraltro in crisi, per una serie di motivi.&nbsp;<\/p>\n\n\n\n<p>Il Potere legislativo (il Parlamento), il Potere esecutivo (il Governo) e il Potere Giudiziario (Magistratura) sono poteri &#8216;separati&#8217; nel nostro sistema repubblicano, con specifiche competenze ma nel loro quotidiano lavoro, pur a volte non essendo in accordo, dovrebbero evitare spiacevoli sospetti di voler interferire in quello di un altro Potere&#8230;il cittadino comune apprezzerebbe molto e forse nei giorni previsti affollerebbe i seggi elettorali. Forse.<\/p>\n\n\n\n<p>Il governo delle citt\u00e0 poi lascia molto a desiderare anche per i problemi dell&#8217;immigrazione sbandata e anche, tra l&#8217;altro, per una non saggia politica degli affitti brevi nelle grandi citt\u00e0 che stanno alterando il tessuto sociale di centri storici e periferie, peraltro molto spesso abitate appunto da sbandati migranti o organizzazioni criminali di genere vario. La Capitale, dove vivo, \u00e8 in grandissima crisi. Il Sindaco \u00e8 lieto che ben 35 milioni di turisti arriveranno per l&#8217;anno di Giubileo ma il comune cittadino si chiede se la citt\u00e0 potr\u00e0 sostenere tale afflusso e in qual modo, visto appunto che la citt\u00e0 non \u00e8 affatto governata&#8230;<\/p>\n\n\n\n<p>Potrei scrivere, da semplice cittadina, di molte altre problematiche che affliggono il Paese ma mi limito a queste superficiali osservazioni sperando che i Signori democraticamente eletti al Parlamento o che hanno responsabilit\u00e0 governative o regionali e comunali possano in qualche modo pensare anche al bene del cittadino e non solo alle loro diatribe interne di contrapposizione e non di collaborazione, come sarebbe invece auspicabile. Credo che per il momento sia richiesta vana.<\/p>\n\n\n\n<p>Idee molto personali che non impongo ma che mi limito a esternare, rispettando tutte le altre idee al riguardo.&nbsp;<\/p>\n\n\n\n<p>\u00a9www.osservatorioanalitico.com \u2013 Riproduzione riservata<\/p>\n","protected":false},"excerpt":{"rendered":"<p>Questo blog di analisi ha sempre scelto di non scrivere su problemi italiani, ritenendo che altri sappiano meglio analizzare quanto accade su suolo italiano. Ma oggi chi scrive ha deciso di dire qualcosa. Probabili banalit\u00e0, ma rappresentano il pensiero di una cittadina assolutamente comune che ha vissuto fuori Italia, che ha viaggiato e viaggia molto [&hellip;]<\/p>\n","protected":false},"author":42,"featured_media":0,"comment_status":"closed","ping_status":"closed","sticky":false,"template":"","format":"standard","meta":{"jetpack_post_was_ever_published":false,"jetpack_publicize_message":"","jetpack_is_tweetstorm":false,"jetpack_publicize_feature_enabled":true,"jetpack_social_post_already_shared":true,"jetpack_social_options":[]},"categories":[1],"tags":[],"jetpack_publicize_connections":[],"aioseo_notices":[],"jetpack_featured_media_url":"","jetpack_shortlink":"https:\/\/wp.me\/p4fe9l-2QC","jetpack_likes_enabled":false,"_links":{"self":[{"href":"https:\/\/www.osservatorioanalitico.com\/index.php?rest_route=\/wp\/v2\/posts\/10950"}],"collection":[{"href":"https:\/\/www.osservatorioanalitico.com\/index.php?rest_route=\/wp\/v2\/posts"}],"about":[{"href":"https:\/\/www.osservatorioanalitico.com\/index.php?rest_route=\/wp\/v2\/types\/post"}],"author":[{"embeddable":true,"href":"https:\/\/www.osservatorioanalitico.com\/index.php?rest_route=\/wp\/v2\/users\/42"}],"replies":[{"embeddable":true,"href":"https:\/\/www.osservatorioanalitico.com\/index.php?rest_route=%2Fwp%2Fv2%2Fcomments&post=10950"}],"version-history":[{"count":4,"href":"https:\/\/www.osservatorioanalitico.com\/index.php?rest_route=\/wp\/v2\/posts\/10950\/revisions"}],"predecessor-version":[{"id":10956,"href":"https:\/\/www.osservatorioanalitico.com\/index.php?rest_route=\/wp\/v2\/posts\/10950\/revisions\/10956"}],"wp:attachment":[{"href":"https:\/\/www.osservatorioanalitico.com\/index.php?rest_route=%2Fwp%2Fv2%2Fmedia&parent=10950"}],"wp:term":[{"taxonomy":"category","embeddable":true,"href":"https:\/\/www.osservatorioanalitico.com\/index.php?rest_route=%2Fwp%2Fv2%2Fcategories&post=10950"},{"taxonomy":"post_tag","embeddable":true,"href":"https:\/\/www.osservatorioanalitico.com\/index.php?rest_route=%2Fwp%2Fv2%2Ftags&post=10950"}],"curies":[{"name":"wp","href":"https:\/\/api.w.org\/{rel}","templated":true}]}}