{"id":10816,"date":"2024-05-02T17:01:38","date_gmt":"2024-05-02T16:01:38","guid":{"rendered":"http:\/\/www.osservatorioanalitico.com\/?p=10816"},"modified":"2024-05-02T17:01:42","modified_gmt":"2024-05-02T16:01:42","slug":"un-interessante-corso-di-alta-formazione-della-fondazione-germani","status":"publish","type":"post","link":"https:\/\/www.osservatorioanalitico.com\/?p=10816","title":{"rendered":"Un interessante corso di Alta Formazione della Fondazione Germani"},"content":{"rendered":"\n<p><strong>IL MEDIO ORIENTE NEL CAOS: GEOPOLITICA, TERRORISMO E INTELLIGENCE&nbsp;<\/strong><\/p>\n\n\n\n<p>Roma, 23-24-25 maggio 2024&nbsp;<\/p>\n\n\n\n<p>23-24 maggio: Circolo Ufficiali Forze Armate d\u2019Italia (Via XX Settembre, 2 \u2013 Roma)<\/p>\n\n\n\n<p>25 maggio: Casa dell\u2019Aviatore (Viale dell\u2019Universit\u00e0, 20 \u2013 Roma<\/p>\n\n\n\n<figure class=\"wp-block-image size-large\"><img decoding=\"async\" loading=\"lazy\" width=\"580\" height=\"305\" src=\"http:\/\/www.osservatorioanalitico.com\/wp-content\/uploads\/2023\/09\/connected-heads-artificial-intelligence-augmented-intelligence-1-580x305.png\" alt=\"\" class=\"wp-image-10622\" srcset=\"https:\/\/www.osservatorioanalitico.com\/wp-content\/uploads\/2023\/09\/connected-heads-artificial-intelligence-augmented-intelligence-1-580x305.png 580w, https:\/\/www.osservatorioanalitico.com\/wp-content\/uploads\/2023\/09\/connected-heads-artificial-intelligence-augmented-intelligence-1-280x147.png 280w, https:\/\/www.osservatorioanalitico.com\/wp-content\/uploads\/2023\/09\/connected-heads-artificial-intelligence-augmented-intelligence-1-768x403.png 768w, https:\/\/www.osservatorioanalitico.com\/wp-content\/uploads\/2023\/09\/connected-heads-artificial-intelligence-augmented-intelligence-1-300x158.png 300w, https:\/\/www.osservatorioanalitico.com\/wp-content\/uploads\/2023\/09\/connected-heads-artificial-intelligence-augmented-intelligence-1.png 1200w\" sizes=\"(max-width: 580px) 100vw, 580px\" \/><\/figure>\n\n\n\n<p>Siamo lieti di informare che l\u2019Istituto Gino Germani di Scienze Sociali e Studi Strategici, nell\u2019ambito della sua Scuola di Formazione in Intelligence e Analisi Strategica, organizza un interessante corso di Alta Formazione \u201cIl Medio Oriente nel caos: Geopolitica, Terrorismo e Intelligence\u201d, che si terr\u00e0 a Roma, in presenza, il 23-24-25 maggio 2024, presso il Circolo Ufficiali Forze Armate d\u2019Italia (il 23-24 maggio), e presso la Casa dell\u2019Aviatore (25 maggio).<\/p>\n\n\n\n<p>Il corso consentir\u00e0 ai partecipanti di raggiungere i seguenti obiettivi teorici e pratici:<\/p>\n\n\n\n<p>1) Acquisire gli strumenti fondamentali di analisi geopolitica e di applicarli al complesso contesto mediorientale: l\u2019identificazione e l\u2019analisi degli attori, dei loro interessi e strategie, delle poste in gioco e delle rappresentazioni che gli attori diffondono tramite i media.<\/p>\n\n\n\n<p>2) Affinare la capacit\u00e0 di analisi multiscalare \u2013 dal locale al planetario e vice-versa &#8211; delle situazioni geopolitiche e di analisi critica degli strumenti cartografici.<\/p>\n\n\n\n<p>3) Acquisire le chiavi di lettura per comprendere le diverse forme di terrorismo e di conflittualit\u00e0 non-convenzionale diffuse nel Medio Oriente con riflessi destabilizzanti anche in altre regioni del mondo.&nbsp;<\/p>\n\n\n\n<p>4) Apprendere le chiavi di lettura per decifrare gli obiettivi e le strategie delle potenze planetarie e regionali in Medio Oriente, e comprendere il ruolo svolto dai servizi d\u2019intelligence di tutti gli attori coinvolti nei conflitti che dilaniano la regione.&nbsp;<\/p>\n\n\n\n<p>I docenti e relatori del corso sono:<\/p>\n\n\n\n<p>Giuseppe Bettoni (Professore di Geografia Politica e di Geopolitica, Universit\u00e0 di Roma \u201cTor Vergata\u201d) \u2013 Direttore scientifico del corso<\/p>\n\n\n\n<p>Sandro Menichelli (Consigliere di Stato, gi\u00e0 Dirigente Generale della Polizia di Stato, attualmente Capo di Gabinetto del Vice Presidente del Consiglio Antonio Tajani)<\/p>\n\n\n\n<p>Alberto Pagani (Universit\u00e0 di Bologna, Advisor settore sicurezza)<\/p>\n\n\n\n<p>Paolo Salvatori (gi\u00e0 Direttore della Divisione Controterrorismo e della Divisione Controproliferazione dell&#8217;AISE-Agenzia Informazioni e Sicurezza Esterna).<\/p>\n\n\n\n<p>Anna Maria Cossiga (Direttore dell\u2019Ufficio Analisi, Fondazione Med-Or, Roma)<\/p>\n\n\n\n<p>Marina Sapia (Caporedattore Esteri, Direzione Editoriale RAI per l\u2019Offerta Formativa)<\/p>\n\n\n\n<p>Fran\u00e7ois G\u00e9r\u00e9 (Presidente dell\u2019Institut Fran\u00e7ais d\u2019Analyse Strat\u00e9gique, Parigi).<\/p>\n\n\n\n<p>Lion Udler (esperto di antiterrorismo, gi\u00e0 Comandante di una unit\u00e0 speciale di antiterrorismo dell\u2019Esercito israeliano).<\/p>\n\n\n\n<p>Michele Colajanni (Professore presso il Dipartimento di Informatica, Scienza e Ingegneria, Universit\u00e0 di Bologna).<\/p>\n\n\n\n<p>Luca Mainoldi (Ricercatore associato dell\u2019Istituto G. Germani, membro del Consiglio redazionale della rivista italiana di geopolitica Limes)&nbsp;<\/p>\n\n\n\n<p>Luca Mazzali (Universit\u00e0 di Roma \u201cTor Vergata\u201d)<\/p>\n\n\n\n<p>Al termine del corso i partecipanti riceveranno un Diploma\/Attestato di Partecipazione. Gli iscritti che desidereranno ricevere anche un secondo Attestato con valutazione finale potranno consegnare un breve elaborato di analisi su un tema approfondito durante il corso da concordare con il direttore scientifico del corso.<\/p>\n\n\n\n<p>Dopo la conclusione del corso gli iscritti avranno accesso a un archivio digitale di documentazione, che conterr\u00e0 le slides delle varie lezioni, documenti, papers analitici, articoli e studi sui temi sviluppati durante il corso.<\/p>\n\n\n\n<p>Il costo del corso \u00e8 360 Euro + IVA. \u00c8 previsto uno sconto del 10% per appartenenti agli organismi di Sicurezza Nazionale, alle Forze di Polizia e alle Forze Armate, e per studenti universitari.<\/p>\n\n\n\n<p>E\u2019 previsto altres\u00ec uno sconto del 10%, non cumulativo, per coloro i quali hanno gi\u00e0 partecipato ai nostri precedenti corsi.<\/p>\n\n\n\n<p>Il calendario delle lezioni e il dettaglio degli insegnamenti, i costi e le modalit\u00e0 di iscrizione, diploma e crediti, sono disponibili nel programma dettagliato del corso.<\/p>\n\n\n\n<p>L&#8217;iscrizione online \u00e8 disponibile nella pagina web dedicata al corso.<\/p>\n\n\n\n<p>Per restare aggiornati sulle attivit\u00e0 dell&#8217;Istituto Germani, segnaliamo le pagine Facebook e Twitter<\/p>\n\n\n\n<p>Segnaliamo e vi invitiamo inoltre a seguire la nuova pagina LinkedIn dell\u2019Istituto Germani.<\/p>\n\n\n\n<p>Per informazioni si prega di contattare: fondazionegermani@gmail.com<\/p>\n\n\n\n<p>Segreteria: 06-69480308 Cell.\/WhatsApp: 329-1644904<\/p>\n\n\n\n<p>fondazionegermani.org<\/p>\n\n\n\n<figure class=\"wp-block-image\"><img alt=\"\"\/><\/figure>\n\n\n\n<figure class=\"wp-block-image\"><img alt=\"\"\/><\/figure>\n","protected":false},"excerpt":{"rendered":"<p>IL MEDIO ORIENTE NEL CAOS: GEOPOLITICA, TERRORISMO E INTELLIGENCE&nbsp; Roma, 23-24-25 maggio 2024&nbsp; 23-24 maggio: Circolo Ufficiali Forze Armate d\u2019Italia (Via XX Settembre, 2 \u2013 Roma) 25 maggio: Casa dell\u2019Aviatore (Viale dell\u2019Universit\u00e0, 20 \u2013 Roma Siamo lieti di informare che l\u2019Istituto Gino Germani di Scienze Sociali e Studi Strategici, nell\u2019ambito della sua Scuola di Formazione [&hellip;]<\/p>\n","protected":false},"author":1,"featured_media":0,"comment_status":"closed","ping_status":"closed","sticky":false,"template":"","format":"standard","meta":{"jetpack_post_was_ever_published":false,"jetpack_publicize_message":"","jetpack_is_tweetstorm":false,"jetpack_publicize_feature_enabled":true,"jetpack_social_post_already_shared":true,"jetpack_social_options":[]},"categories":[695,693],"tags":[4626],"jetpack_publicize_connections":[],"aioseo_notices":[],"jetpack_featured_media_url":"","jetpack_shortlink":"https:\/\/wp.me\/p4fe9l-2Os","jetpack_likes_enabled":false,"_links":{"self":[{"href":"https:\/\/www.osservatorioanalitico.com\/index.php?rest_route=\/wp\/v2\/posts\/10816"}],"collection":[{"href":"https:\/\/www.osservatorioanalitico.com\/index.php?rest_route=\/wp\/v2\/posts"}],"about":[{"href":"https:\/\/www.osservatorioanalitico.com\/index.php?rest_route=\/wp\/v2\/types\/post"}],"author":[{"embeddable":true,"href":"https:\/\/www.osservatorioanalitico.com\/index.php?rest_route=\/wp\/v2\/users\/1"}],"replies":[{"embeddable":true,"href":"https:\/\/www.osservatorioanalitico.com\/index.php?rest_route=%2Fwp%2Fv2%2Fcomments&post=10816"}],"version-history":[{"count":4,"href":"https:\/\/www.osservatorioanalitico.com\/index.php?rest_route=\/wp\/v2\/posts\/10816\/revisions"}],"predecessor-version":[{"id":10820,"href":"https:\/\/www.osservatorioanalitico.com\/index.php?rest_route=\/wp\/v2\/posts\/10816\/revisions\/10820"}],"wp:attachment":[{"href":"https:\/\/www.osservatorioanalitico.com\/index.php?rest_route=%2Fwp%2Fv2%2Fmedia&parent=10816"}],"wp:term":[{"taxonomy":"category","embeddable":true,"href":"https:\/\/www.osservatorioanalitico.com\/index.php?rest_route=%2Fwp%2Fv2%2Fcategories&post=10816"},{"taxonomy":"post_tag","embeddable":true,"href":"https:\/\/www.osservatorioanalitico.com\/index.php?rest_route=%2Fwp%2Fv2%2Ftags&post=10816"}],"curies":[{"name":"wp","href":"https:\/\/api.w.org\/{rel}","templated":true}]}}