{"id":10513,"date":"2022-12-04T11:24:16","date_gmt":"2022-12-04T10:24:16","guid":{"rendered":"http:\/\/www.osservatorioanalitico.com\/?p=10513"},"modified":"2022-12-04T11:24:16","modified_gmt":"2022-12-04T10:24:16","slug":"la-protesta-silenziosa-ma-non-troppo-degli-sportivi-iraniani","status":"publish","type":"post","link":"https:\/\/www.osservatorioanalitico.com\/?p=10513","title":{"rendered":"La protesta silenziosa, ma non troppo, degli sportivi iraniani."},"content":{"rendered":"<p style=\"font-weight: 400; text-align: justify;\"><img decoding=\"async\" loading=\"lazy\" class=\"aligncenter size-large wp-image-10516\" src=\"http:\/\/www.osservatorioanalitico.com\/wp-content\/uploads\/2022\/12\/slide_show_iran-la-nazionale-di-calcio-580x285.jpg\" alt=\"slide_show_iran-la-nazionale-di-calcio\" width=\"580\" height=\"285\" srcset=\"https:\/\/www.osservatorioanalitico.com\/wp-content\/uploads\/2022\/12\/slide_show_iran-la-nazionale-di-calcio-580x285.jpg 580w, https:\/\/www.osservatorioanalitico.com\/wp-content\/uploads\/2022\/12\/slide_show_iran-la-nazionale-di-calcio-280x137.jpg 280w, https:\/\/www.osservatorioanalitico.com\/wp-content\/uploads\/2022\/12\/slide_show_iran-la-nazionale-di-calcio-768x377.jpg 768w, https:\/\/www.osservatorioanalitico.com\/wp-content\/uploads\/2022\/12\/slide_show_iran-la-nazionale-di-calcio-300x147.jpg 300w, https:\/\/www.osservatorioanalitico.com\/wp-content\/uploads\/2022\/12\/slide_show_iran-la-nazionale-di-calcio.jpg 799w\" sizes=\"(max-width: 580px) 100vw, 580px\" \/><\/p>\n<p style=\"font-weight: 400; text-align: justify;\">E\u2019 certamente sorprendente il grado di resistenza di coloro che protestano in Iran nonostante essi siano contrastati pesantemente e molti di loro uccisi dalle forze di sicurezza; eppure continuano a manifestare nelle strade.<\/p>\n<p style=\"font-weight: 400; text-align: justify;\">L\u2019obbiettivo sembrerebbe non essere il rovesciamento totale del governo degli ayatollah, ma un allentamento della durezza del regime, anche perch\u00e9 almeno dall\u2019Occidente non si intravedono figure \u2018laiche\u2019 in grado di sostituirsi agli esponenti del \u2018clero\u2019 shiita. Solo una forza militare potrebbe sostituirli ma\u2026non attuerebbero forse un regime ancor pi\u00f9 oppressivo di quello attuale, magari su altri presupposti ideologici?<\/p>\n<p style=\"font-weight: 400; text-align: justify;\">Ci sono vari modi per dimostrare il proprio scontento alle forze di sicurezza e alle politiche brutalmente soppressive che il governo di Teheran sta utilizzando fino ad ora.<\/p>\n<p style=\"font-weight: 400; text-align: justify;\">La squadra di calcio dell\u2019Iran ha giocato in Qatar mentre le proteste sul territorio iraniano continuavano. Quali sono le dinamiche che da tre mesi, giocano un ben diverso match Usa\u2013Iran da quello fatto a Doha?<\/p>\n<p style=\"font-weight: 400; text-align: justify;\">Nella Coppa del Mondo del 1998 l\u2019\u00e9quipe iraniana e quella americana giocarono e accade che l\u2019Iran quella volta sconfisse gli Stati Uniti. Ovviamente grandi manifestazioni popolari non per protestare\u2026<\/p>\n<p style=\"font-weight: 400; text-align: justify;\">Con la mente si torna anche alla Coppa del Mondo del 1978, giocata qualche mese prima che iniziasse la rivoluzione contro i Pahlavi. Era la prima volta che la squadra iraniana partecipava a quella importante competizione calcistica e ancora adesso gli iraniani celebrano quel team, nonostante la loro presenza fosse stata organizzata in un difficile momento politico di contestazione.<\/p>\n<p style=\"font-weight: 400; text-align: justify;\">Tornando ai nostri giorni, sono state numerose le proteste in Iran per il fatto che la squadra, prima di partire per il Qatar, fosse stata ricevuta dal presidente Raisi. Molti hanno criticato aspramente questa visita di cortesia al capo di un regime che sta uccidendo coloro che protestano, usando una violenza, mai vista prima.<\/p>\n<p style=\"font-weight: 400; text-align: justify;\">Le critiche sono state rivolte perch\u00e9, come vuole la tradizione in Iran, se un cittadino incontra il Presidente della Repubblica islamica, come minimo, leggermente inclina la testa quando viene presentato all\u2019autorit\u00e0 ma molti nel caso specifico hanno interpretato tale comportamento come un inchino servile a un leader autoritario. Peraltro bisogna anche pensare alla pressione alla quale I calciatori sono stati sottoposti, prima di partire perch\u00e9 sembra piuttosto difficile e sicuramente molto pericoloso, non prendere in considerazione l\u2019invito di tale massima autorit\u00e0, in quel contesto particolare.<\/p>\n<p style=\"font-weight: 400; text-align: justify;\">C\u2019\u00e8 per\u00f2 da notare che il capo della \u00e9quipe iraniana, Ehsan Hajsafi, ha chiaramente espresso quel che pensava, iniziando una sua dichiarazione in conferenza stampa a Doha, ricordando Kian Pirfalakm, un bambino di nove anni, ucciso in una delle citt\u00e0 iraniane dalle forze di sicurezza. Un bambino diventato un simbolo, come la giovane donna di 22 anni uccisa tre mesi fa, anch\u2019essa presa a simbolo di quei protestanti innocenti che sono stati uccisi nel corso degli ultimi tre mesi.<\/p>\n<p style=\"font-weight: 400; text-align: justify;\">Hajsafi afferm\u00f2 chiaramente che la situazione nel suo paese non era buona e che la popolazione non era felice anzi era molto scontenta. Afferm\u00f2 anche che la squadra era l\u00ec per giocare e rappresentare la voce protestante della popolazione. Ognuno dei giocatori, infatti, quel 21 novembre nella partita contro il Galles, rifiut\u00f2 di cantare l\u2019inno nazionale per manifestare l\u2019appoggio totale della squadra al popolo iraniano e per dimostrare la propria insoddisfazione per quello che il regime aveva fatto fino ad allora. Sono stati indubbiamente molto coraggiosi perch\u00e9 sapevano bene che il loro gesto avrebbe fatto il giro del mondo, ripreso da tutte le televisioni presenti a Doha.<\/p>\n<p style=\"font-weight: 400; text-align: justify;\">Nella partita successiva fu chiaro che la situazione era molto cambiata. Cantarono l\u2019inno nazionale a mezza bocca anche perch\u00e9 il giorno prima il governo aveva arrestato un giocatore di football iraniano curdo molto famoso che aveva giocato in partita con loro nel passato. Un ammonimento evidente.<\/p>\n<p style=\"font-weight: 400; text-align: justify;\">Non ha fatto il giro del mondo ma bisogna ricordare che le \u00e9quipe iraniane di basket, di volley, del Polo acquatico e del calcio in spiaggia hanno fatto lo stesso.<\/p>\n<p style=\"font-weight: 400; text-align: justify;\">\u00c8 molto interessante che gli sportivi che rappresentano l\u2019Iran all\u2019estero cerchino in qualche modo di manifestare la loro opposizione a regime, come Elnaz Rekabi una arrampicatrice sportiva che in una competizione nella Corea del sud decise di gareggiare, non mettendo il velo, quindi sfidando le regole molto strette imposte dagli ayatollah. Fu costretta alla fine di dire che, vista la difficolt\u00e0 e la tensione del momento, aveva \u2018dimenticato\u2019 di mettere il velo ma la maggioranza della popolazione \u00e8 sicura che questo sia stato un segno di protesta. Tanto che quando la giovane atleta torn\u00f2 in patria, molti si riunirono all\u2019aeroporto per salutarla come un eroe e dalla sua protesta altre donne atlete hanno partecipato in competizioni all\u2019estero \u2018dimenticando\u2019 di mettere il velo. Da notizie sicure giunte in Occidente, la casa familiare di Rekabi \u00e8 stata demolita come punizione per il ruolo internazionale di popolarit\u00e0 che la giovane donna ha raggiunto. Una dolorosa forma di punizione, per il momento non cruenta.<\/p>\n<p style=\"font-weight: 400; text-align: justify;\">\u00c8 da ricordare anche un giocatore di calcio in spiaggia che fece il gesto di mettere i suoi capelli in un crocchio e di far finta di tagliarlo usando le dita come fossero forbici. Questo era un gesto di solidariet\u00e0 che si riferiva a quello che moltissime donne avevano fatto in segno di protesta.<\/p>\n<p style=\"font-weight: 400; text-align: justify;\">\u00c8 chiaro che determinati atti durante lo svolgimento della Coppa del Mondo del calcio si rivolgono a un mondo globale, ma quando questi gesti sono realizzati all\u2019interno dell\u2019Iran, certamente sono eseguiti soprattutto per un pubblico locale e per confermare le proteste. Da notare che alcune \u00e9quipe locali, anche quando hanno vinto qualche coppa importante, non celebrano la vittoria\u2026indicando che vi \u00e8 poco da celebrare in simili contesti.<\/p>\n<p style=\"font-weight: 400; text-align: justify;\">\u00a9www.osservatorioanalitico.com \u2013 Riproduzione riservata<\/p>\n","protected":false},"excerpt":{"rendered":"<p>E\u2019 certamente sorprendente il grado di resistenza di coloro che protestano in Iran nonostante essi siano contrastati pesantemente e molti di loro uccisi dalle forze di sicurezza; eppure continuano a manifestare nelle strade. L\u2019obbiettivo sembrerebbe non essere il rovesciamento totale del governo degli ayatollah, ma un allentamento della durezza del regime, anche perch\u00e9 almeno dall\u2019Occidente [&hellip;]<\/p>\n","protected":false},"author":42,"featured_media":10516,"comment_status":"closed","ping_status":"closed","sticky":false,"template":"","format":"standard","meta":{"jetpack_post_was_ever_published":false,"jetpack_publicize_message":"","jetpack_is_tweetstorm":false,"jetpack_publicize_feature_enabled":true,"jetpack_social_post_already_shared":true,"jetpack_social_options":[]},"categories":[1284,1291,1273],"tags":[4599],"jetpack_publicize_connections":[],"aioseo_notices":[],"jetpack_featured_media_url":"https:\/\/www.osservatorioanalitico.com\/wp-content\/uploads\/2022\/12\/slide_show_iran-la-nazionale-di-calcio.jpg","jetpack_shortlink":"https:\/\/wp.me\/p4fe9l-2Jz","jetpack_likes_enabled":true,"_links":{"self":[{"href":"https:\/\/www.osservatorioanalitico.com\/index.php?rest_route=\/wp\/v2\/posts\/10513"}],"collection":[{"href":"https:\/\/www.osservatorioanalitico.com\/index.php?rest_route=\/wp\/v2\/posts"}],"about":[{"href":"https:\/\/www.osservatorioanalitico.com\/index.php?rest_route=\/wp\/v2\/types\/post"}],"author":[{"embeddable":true,"href":"https:\/\/www.osservatorioanalitico.com\/index.php?rest_route=\/wp\/v2\/users\/42"}],"replies":[{"embeddable":true,"href":"https:\/\/www.osservatorioanalitico.com\/index.php?rest_route=%2Fwp%2Fv2%2Fcomments&post=10513"}],"version-history":[{"count":6,"href":"https:\/\/www.osservatorioanalitico.com\/index.php?rest_route=\/wp\/v2\/posts\/10513\/revisions"}],"predecessor-version":[{"id":10520,"href":"https:\/\/www.osservatorioanalitico.com\/index.php?rest_route=\/wp\/v2\/posts\/10513\/revisions\/10520"}],"wp:featuredmedia":[{"embeddable":true,"href":"https:\/\/www.osservatorioanalitico.com\/index.php?rest_route=\/wp\/v2\/media\/10516"}],"wp:attachment":[{"href":"https:\/\/www.osservatorioanalitico.com\/index.php?rest_route=%2Fwp%2Fv2%2Fmedia&parent=10513"}],"wp:term":[{"taxonomy":"category","embeddable":true,"href":"https:\/\/www.osservatorioanalitico.com\/index.php?rest_route=%2Fwp%2Fv2%2Fcategories&post=10513"},{"taxonomy":"post_tag","embeddable":true,"href":"https:\/\/www.osservatorioanalitico.com\/index.php?rest_route=%2Fwp%2Fv2%2Ftags&post=10513"}],"curies":[{"name":"wp","href":"https:\/\/api.w.org\/{rel}","templated":true}]}}