{"id":10451,"date":"2022-09-14T11:18:48","date_gmt":"2022-09-14T10:18:48","guid":{"rendered":"http:\/\/www.osservatorioanalitico.com\/?p=10451"},"modified":"2022-09-14T11:18:48","modified_gmt":"2022-09-14T10:18:48","slug":"master-in-intelligence-universita-della-calabria-xii-edizione","status":"publish","type":"post","link":"https:\/\/www.osservatorioanalitico.com\/?p=10451","title":{"rendered":"Master in Intelligence, Universit\u00e0 della Calabria. XII Edizione"},"content":{"rendered":"<p>&nbsp;<\/p>\n<p><img decoding=\"async\" loading=\"lazy\" class=\"alignleft wp-image-10446\" src=\"http:\/\/www.osservatorioanalitico.com\/wp-content\/uploads\/2022\/09\/9f525367-9f05-4cb0-84e6-46ea06839c6a.jpeg\" alt=\"9f525367-9f05-4cb0-84e6-46ea06839c6a\" width=\"376\" height=\"531\" srcset=\"https:\/\/www.osservatorioanalitico.com\/wp-content\/uploads\/2022\/09\/9f525367-9f05-4cb0-84e6-46ea06839c6a.jpeg 738w, https:\/\/www.osservatorioanalitico.com\/wp-content\/uploads\/2022\/09\/9f525367-9f05-4cb0-84e6-46ea06839c6a-142x200.jpeg 142w, https:\/\/www.osservatorioanalitico.com\/wp-content\/uploads\/2022\/09\/9f525367-9f05-4cb0-84e6-46ea06839c6a-287x405.jpeg 287w, https:\/\/www.osservatorioanalitico.com\/wp-content\/uploads\/2022\/09\/9f525367-9f05-4cb0-84e6-46ea06839c6a-300x423.jpeg 300w\" sizes=\"(max-width: 376px) 100vw, 376px\" \/><\/p>\n<p>Con piacere ricordiamo i dettagli del Master in Intelligence, Universit\u00e0 di Calabria.<\/p>\n<p>Si sono aperte le iscrizioni alla dodicesima edizione del Master in Intelligence dell&#8217;Universit\u00e0 di Calabria diretto dal prof. Mario Caligiuri \u00c8 promosso dal 2007 dal Presidente emerito della Repubblica Francesco Cossiga.<\/p>\n<p>Per partecipare occorre <strong>presentare domanda online<\/strong> sul sito dell&#8217;Universit\u00e0 della Calabria all&#8217;indirizzo<\/p>\n<p><strong>https:\/\/unical.portaleamministrazionetrasparente.it\/index.php?id_oggetto=228id_doc=10568<\/strong><\/p>\n<p><strong> Il bando scade il 30 ottobre 2022.<\/strong><\/p>\n<p>il master potr\u00e0 essere interamente seguito in modalit\u00e0 streaming (a distanza) tramite le piattaforme e-learning iter interattive dell&#8217;ateneo calabrese.<\/p>\n<p><strong>Struttura del master<\/strong><\/p>\n<p>La prima lezione si terr\u00e0 sabato 26 novembre 2022 e il percorso formativo si concluder\u00e0 con la discussione della tesi finale a dicembre 2023.<\/p>\n<p>Le lezioni frontali si svolgeranno da novembre 2022 a maggio 2023 nella giornata di sabato dalle ore 9.00 alle ore 18.00 (pausa dalle 13.00 alle 14.oo).<\/p>\n<p><em>Laboratorio di Cyber intelligence<\/em><\/p>\n<p>Vi sar\u00e0 un laboratorio di Cyber intelligence, al termine del ciclo delle lezioni, \u00c8 previsto un laboratorio che si svilupper\u00e0 in cinque giornate consecutive (da luned\u00ec a venerd\u00ec) con lo svolgimento di seminari di intesa anche con NTT Data e il Dipartimento di ingegneria informatica dell&#8217;Universit\u00e0 della Calabria. Inoltre andranno svolte 300 ore di stage in strutture convenzionate e che nelle precedenti edizioni si sono tenute presso istituzioni pubbliche societ\u00e0 private tra le quali Eni, Enel, Sky e NTT Data.<\/p>\n<p><strong>I nostri docenti<\/strong><\/p>\n<p>Come in ogni edizione, i docenti saranno professori universitari ed esperti del settore. La lista completa dei nomi nella brochure in calce.<\/p>\n<p><strong>Il direttore Mario Caligiuri<\/strong><\/p>\n<p>Il Master &#8211; ha dichiarato il direttore Mario Caligiuri &#8211; fornisce una formazione avanzata sulla disciplina dell&#8217;intelligenza e dei suoi processi, competenze sull&#8217; analisi strategica operativa e sui metodi di valutazione delle informazioni. Inoltre attraverso il coinvolgimento dei professori universitari ed esperti italiani e internazionali del settore intende fornire elementi di conoscenza degli scenari presenti e futuri, per anticipare il mondo che verr\u00e0.<\/p>\n<p>Gli insegnamenti sono rivolti ad &#8220;aprire&#8221; la mente attraverso lo studio della sicurezza dell&#8217;interesse nazionale.<\/p>\n<p>Per qualunque informazione ci si pu\u00f2 rivolger \u00e8 al direttore del master Mario Caligiuri<\/p>\n<p>telefono 337 980 189; \u00a0mail: mario.caligiuri@unical.it<\/p>\n<p>&nbsp;<\/p>\n<p><a href=\"http:\/\/www.osservatorioanalitico.com\/wp-content\/uploads\/2022\/09\/a4_BROCHURE-UNICAL_MASTER_INTELLIGENCE-1.pdf\">a4_BROCHURE-UNICAL_MASTER_INTELLIGENCE<\/a><\/p>\n<p>&nbsp;<\/p>\n","protected":false},"excerpt":{"rendered":"<p>Master in Intelligence, Universit\u00e0 della Calabria<\/p>\n","protected":false},"author":42,"featured_media":10446,"comment_status":"closed","ping_status":"closed","sticky":false,"template":"","format":"standard","meta":{"jetpack_post_was_ever_published":false,"jetpack_publicize_message":"","jetpack_is_tweetstorm":false,"jetpack_publicize_feature_enabled":true,"jetpack_social_post_already_shared":true,"jetpack_social_options":[]},"categories":[695,693],"tags":[4572,4573],"jetpack_publicize_connections":[],"aioseo_notices":[],"jetpack_featured_media_url":"https:\/\/www.osservatorioanalitico.com\/wp-content\/uploads\/2022\/09\/9f525367-9f05-4cb0-84e6-46ea06839c6a.jpeg","jetpack_shortlink":"https:\/\/wp.me\/p4fe9l-2Iz","jetpack_likes_enabled":true,"_links":{"self":[{"href":"https:\/\/www.osservatorioanalitico.com\/index.php?rest_route=\/wp\/v2\/posts\/10451"}],"collection":[{"href":"https:\/\/www.osservatorioanalitico.com\/index.php?rest_route=\/wp\/v2\/posts"}],"about":[{"href":"https:\/\/www.osservatorioanalitico.com\/index.php?rest_route=\/wp\/v2\/types\/post"}],"author":[{"embeddable":true,"href":"https:\/\/www.osservatorioanalitico.com\/index.php?rest_route=\/wp\/v2\/users\/42"}],"replies":[{"embeddable":true,"href":"https:\/\/www.osservatorioanalitico.com\/index.php?rest_route=%2Fwp%2Fv2%2Fcomments&post=10451"}],"version-history":[{"count":8,"href":"https:\/\/www.osservatorioanalitico.com\/index.php?rest_route=\/wp\/v2\/posts\/10451\/revisions"}],"predecessor-version":[{"id":10460,"href":"https:\/\/www.osservatorioanalitico.com\/index.php?rest_route=\/wp\/v2\/posts\/10451\/revisions\/10460"}],"wp:featuredmedia":[{"embeddable":true,"href":"https:\/\/www.osservatorioanalitico.com\/index.php?rest_route=\/wp\/v2\/media\/10446"}],"wp:attachment":[{"href":"https:\/\/www.osservatorioanalitico.com\/index.php?rest_route=%2Fwp%2Fv2%2Fmedia&parent=10451"}],"wp:term":[{"taxonomy":"category","embeddable":true,"href":"https:\/\/www.osservatorioanalitico.com\/index.php?rest_route=%2Fwp%2Fv2%2Fcategories&post=10451"},{"taxonomy":"post_tag","embeddable":true,"href":"https:\/\/www.osservatorioanalitico.com\/index.php?rest_route=%2Fwp%2Fv2%2Ftags&post=10451"}],"curies":[{"name":"wp","href":"https:\/\/api.w.org\/{rel}","templated":true}]}}