{"id":10410,"date":"2022-08-05T15:10:39","date_gmt":"2022-08-05T14:10:39","guid":{"rendered":"http:\/\/www.osservatorioanalitico.com\/?p=10410"},"modified":"2022-08-05T15:10:39","modified_gmt":"2022-08-05T14:10:39","slug":"master-universitario-in-intelligence-alluniversita-di-calabria","status":"publish","type":"post","link":"https:\/\/www.osservatorioanalitico.com\/?p=10410","title":{"rendered":"Master Universitario in \u2018intelligence\u2019 all\u2019Universit\u00e0 di Calabria"},"content":{"rendered":"<p style=\"text-align: justify;\"><img decoding=\"async\" loading=\"lazy\" class=\"alignleft size-large wp-image-10316\" src=\"http:\/\/www.osservatorioanalitico.com\/wp-content\/uploads\/2022\/01\/posizione-satelliti-geostazionari-astra-580x261.jpg\" alt=\"posizione-satelliti-geostazionari-astra\" width=\"580\" height=\"261\" srcset=\"https:\/\/www.osservatorioanalitico.com\/wp-content\/uploads\/2022\/01\/posizione-satelliti-geostazionari-astra-580x261.jpg 580w, https:\/\/www.osservatorioanalitico.com\/wp-content\/uploads\/2022\/01\/posizione-satelliti-geostazionari-astra-280x126.jpg 280w, https:\/\/www.osservatorioanalitico.com\/wp-content\/uploads\/2022\/01\/posizione-satelliti-geostazionari-astra-300x135.jpg 300w, https:\/\/www.osservatorioanalitico.com\/wp-content\/uploads\/2022\/01\/posizione-satelliti-geostazionari-astra.jpg 630w\" sizes=\"(max-width: 580px) 100vw, 580px\" \/><\/p>\n<p style=\"text-align: justify;\">Master Universitario in \u2018intelligence\u2019 all\u2019Universit\u00e0 di Calabria<\/p>\n<p style=\"text-align: justify;\">Sono aperte dal 4 agosto le iscrizioni alla dodicesima edizione del Master in Intelligence dell\u2019Universit\u00e0 della Calabria, diretto da Mario Caligiuri e promosso nel 2007, grazie al sostegno del Presidente Emerito della Repubblica Francesco Cossiga.\u00a0 Per partecipare occorre presentare domanda online sul sito dell\u2019Universit\u00e0 della Calabria all&#8217;indirizzo:<\/p>\n<p style=\"text-align: justify;\"><strong>\u00a0https:\/\/unical.portaleamministrazionetrasparente.it\/index.php?id_oggetto=22&amp;id_doc=10568<\/strong><\/p>\n<p style=\"text-align: justify;\">Il bando scade il 30 ottobre 2022.<\/p>\n<p style=\"text-align: justify;\">Il master potr\u00e0 essere interamente seguito in modalit\u00e0 streaming cio\u00e8 a distanza tramite le piattaforme e-learning interattive dell\u2019ateneo calabrese.<\/p>\n<p style=\"text-align: justify;\">La prima lezione si terr\u00e0 sabato 5 novembre 2022 e il percorso formativo si concluder\u00e0 con la discussione della tesi finale a dicembre 2023.<\/p>\n<p style=\"text-align: justify;\">Le lezioni frontali si svolgeranno da novembre 2022 a maggio 2023 nella giornata di sabato dalle ore 9.00 alle ore 18.00 (pausa dalle 13.00 alle 14.00).<\/p>\n<p style=\"text-align: justify;\">Possono presentare domanda laureati del vecchio ordinamento (4 anni) e con la laurea magistrale (5 anni) in qualunque disciplina.<\/p>\n<p style=\"text-align: justify;\">La quota di iscrizione \u00e8 di \u20ac 3.000 (tremila).<\/p>\n<p style=\"text-align: justify;\">Per gli appartenenti alle forze di polizia \u00e8 prevista una riduzione del 30% per cui l\u2019importo \u00e8 \u20ac 2.100.<\/p>\n<p style=\"text-align: justify;\">Al termine del ciclo delle lezioni, \u00e8 previsto un Laboratorio di Cyber intelligence che si svilupper\u00e0 in 5 giornate consecutive (da luned\u00ec a venerd\u00ec) con lo svolgimento di seminari e laboratori, d\u2019intesa anche con NTT Data e il Dipartimento di Ingegneria Informatica dell\u2019Universit\u00e0 della Calabria.<\/p>\n<p style=\"text-align: justify;\">Inoltre andranno svolte 300 ore di stages in strutture convenzionate che nelle precedenti edizioni si sono tenute presso istituzioni pubbliche e societ\u00e0 private, tra le quali ENI, ENEL, Sky ed NTT Data.<\/p>\n<p style=\"text-align: justify;\">Come in ogni edizione, i docenti saranno professori universitari ed esperti italiani del settore. Nelle edizioni precedenti sono intervenuti, tra gli altri, i ministri Paolo Savona, Giulio Tremonti, Marco Minniti, Roberto Cingolani, Lorenzo Ornaghi; il presidente della camera dei Deputati Luciano Violante; i Direttori dei Servizi Franco Gabrielli, Vittorio Stelo, Luigi Ramponi e Nicol\u00f2 Pollari; i Direttori delle Scuole dei Servizi Mario Maccono, Maurizio Navarra e Paolo Scotto di Castelbianco; l\u2019agente della CIA Robert Gorelick; il Presidente dell\u2019Agenzia Nazionale per la Cibersicurezza Roberto Baldoni; i professori Domenico De Masi, Alessandro Barbero, Antonio F. Uricchio,, Alberto De Toni, Evgeny Morozov, Derrick De Kerckhove, Paolo Benanti, Antonio Nicaso, Giorgio Galli, Francesco Sidoti, Antonino Vaccaro, Andrea De Guttry, Antonio Baldassarre, Aldo Giannuli, Umberto Gori, Maria Gabriella Pasqualini, Umberto Broccoli e Antonio Teti; i prefetti Carlo Mosca, Marco Valentini e Luigi Varratta; i generali Fabio Mini e Carlo Jean; i giornalisti Lucio Caracciolo, Paolo Messa, Massimo Franco, Andrea Aresu e Andrea Cangini; i magistrati Nicola Gratteri, Rosario Priore, Giuseppe Pignatone, Stefano Dambruoso e Mario Spagnuolo; l&#8217;ambasciatore Michele Valensise; i funzionari dello Stato Roberto Riccardi, Pasquale Angelosanto, Nunzia Ciardi,\u00a0 Alfredo Mantici, Alessandro Ferrara, Adriana Piancastelli, Giuseppe Rao e Giuseppe Scandone; il direttore della Fondazione \u201cAgnelli\u201d Andrea Gavosto; i dirigenti della sicurezza di multinazionali Alfio Rapisarda e Alberto Accardi.<\/p>\n<p style=\"text-align: justify;\">Per qualunque informazione ci si pu\u00f2 rivolgere al Direttore del Master Mario Caligiuri al cellulare 337 980189 oppure mario.caligiuri@unical.it.<\/p>\n","protected":false},"excerpt":{"rendered":"<p>Master Universitario in \u2018intelligence\u2019 all\u2019Universit\u00e0 di Calabria<\/p>\n","protected":false},"author":1,"featured_media":10316,"comment_status":"closed","ping_status":"closed","sticky":false,"template":"","format":"standard","meta":{"jetpack_post_was_ever_published":false,"jetpack_publicize_message":"","jetpack_is_tweetstorm":false,"jetpack_publicize_feature_enabled":true,"jetpack_social_post_already_shared":true,"jetpack_social_options":[]},"categories":[695,693],"tags":[4563],"jetpack_publicize_connections":[],"aioseo_notices":[],"jetpack_featured_media_url":"https:\/\/www.osservatorioanalitico.com\/wp-content\/uploads\/2022\/01\/posizione-satelliti-geostazionari-astra.jpg","jetpack_shortlink":"https:\/\/wp.me\/p4fe9l-2HU","jetpack_likes_enabled":true,"_links":{"self":[{"href":"https:\/\/www.osservatorioanalitico.com\/index.php?rest_route=\/wp\/v2\/posts\/10410"}],"collection":[{"href":"https:\/\/www.osservatorioanalitico.com\/index.php?rest_route=\/wp\/v2\/posts"}],"about":[{"href":"https:\/\/www.osservatorioanalitico.com\/index.php?rest_route=\/wp\/v2\/types\/post"}],"author":[{"embeddable":true,"href":"https:\/\/www.osservatorioanalitico.com\/index.php?rest_route=\/wp\/v2\/users\/1"}],"replies":[{"embeddable":true,"href":"https:\/\/www.osservatorioanalitico.com\/index.php?rest_route=%2Fwp%2Fv2%2Fcomments&post=10410"}],"version-history":[{"count":1,"href":"https:\/\/www.osservatorioanalitico.com\/index.php?rest_route=\/wp\/v2\/posts\/10410\/revisions"}],"predecessor-version":[{"id":10411,"href":"https:\/\/www.osservatorioanalitico.com\/index.php?rest_route=\/wp\/v2\/posts\/10410\/revisions\/10411"}],"wp:featuredmedia":[{"embeddable":true,"href":"https:\/\/www.osservatorioanalitico.com\/index.php?rest_route=\/wp\/v2\/media\/10316"}],"wp:attachment":[{"href":"https:\/\/www.osservatorioanalitico.com\/index.php?rest_route=%2Fwp%2Fv2%2Fmedia&parent=10410"}],"wp:term":[{"taxonomy":"category","embeddable":true,"href":"https:\/\/www.osservatorioanalitico.com\/index.php?rest_route=%2Fwp%2Fv2%2Fcategories&post=10410"},{"taxonomy":"post_tag","embeddable":true,"href":"https:\/\/www.osservatorioanalitico.com\/index.php?rest_route=%2Fwp%2Fv2%2Ftags&post=10410"}],"curies":[{"name":"wp","href":"https:\/\/api.w.org\/{rel}","templated":true}]}}