{"id":10394,"date":"2022-05-22T15:48:55","date_gmt":"2022-05-22T14:48:55","guid":{"rendered":"http:\/\/www.osservatorioanalitico.com\/?p=10394"},"modified":"2022-05-22T15:48:55","modified_gmt":"2022-05-22T14:48:55","slug":"nuove-sfide-per-lintelligence-italiana","status":"publish","type":"post","link":"https:\/\/www.osservatorioanalitico.com\/?p=10394","title":{"rendered":"Nuove Sfide per l&#8217;intelligence italiana."},"content":{"rendered":"<p><img decoding=\"async\" loading=\"lazy\" class=\"alignleft wp-image-9822\" src=\"http:\/\/www.osservatorioanalitico.com\/wp-content\/uploads\/2021\/01\/Unknown.jpeg\" alt=\"Unknown\" width=\"580\" height=\"290\" srcset=\"https:\/\/www.osservatorioanalitico.com\/wp-content\/uploads\/2021\/01\/Unknown.jpeg 318w, https:\/\/www.osservatorioanalitico.com\/wp-content\/uploads\/2021\/01\/Unknown-280x140.jpeg 280w, https:\/\/www.osservatorioanalitico.com\/wp-content\/uploads\/2021\/01\/Unknown-300x150.jpeg 300w\" sizes=\"(max-width: 580px) 100vw, 580px\" \/><\/p>\n<p style=\"text-align: left;\">\u00a0 \u00a0 \u00a0 \u00a0 \u00a0 \u00a0 \u00a0 \u00a0 \u00a0 \u00a0 \u00a0 \u00a0 \u00a0 \u00a0 \u00a0 \u00a0 \u00a0 \u00a0 \u00a0 \u00a0 \u00a0 \u00a0 \u00a0 \u00a0 \u00a0 \u00a0 \u00a0 \u00a0 \u00a0 \u00a0 \u00a0 \u00a0 \u00a0 \u00a0 \u00a0 \u00a0 \u00a0 \u00a0 \u00a0 \u00a0Corso di Alta Formazione<\/p>\n<p style=\"text-align: left;\">\u00a0 \u00a0 \u00a0 ATTACCO ALLA MENTE: STRATEGIE E TECNICHE DI DISINFORMAZIONE E GUERRA COGNITIVA<\/p>\n<p style=\"text-align: left;\">\u00a0 \u00a0 \u00a0 \u00a0 \u00a0 \u00a0 \u00a0 \u00a0 \u00a0 \u00a0 \u00a0 \u00a0 \u00a0 \u00a0 \u00a0 \u00a0 \u00a0 \u00a0 \u00a0 \u00a0 \u00a0 \u00a0 \u00a0 \u00a0 \u00a0 \u00a0 \u00a0 \u00a0 \u00a0 UNA NUOVA SFIDA PER L\u2019INTELLIGENCE ITALIANA<\/p>\n<p style=\"text-align: left;\">\u00a0 \u00a0 \u00a0 \u00a0 \u00a0 \u00a0 \u00a0 \u00a0 \u00a0 \u00a0 \u00a0 \u00a0 \u00a0 \u00a0 \u00a0 \u00a0 \u00a0 \u00a0 \u00a0 \u00a0 \u00a0 \u00a0 \u00a0 \u00a0 \u00a0 \u00a0 \u00a0 \u00a0 \u00a0 \u00a0 \u00a0 \u00a0 \u00a0 \u00a0 \u00a0 \u00a0 \u00a0 \u00a0 \u00a0 10-11-17-18 giugno 2022<\/p>\n<p style=\"text-align: left;\">\u00a0 \u00a0 \u00a0 \u00a0 \u00a0 \u00a0 \u00a0 \u00a0 \u00a0 \u00a0 \u00a0 \u00a0 \u00a0 \u00a0 \u00a0 \u00a0 \u00a0 \u00a0Societ\u00e0 Geografica Italiana \u2013 Palazzetto Mattei in Villa Celimontana<\/p>\n<p style=\"text-align: left;\">\u00a0 \u00a0 \u00a0 \u00a0 \u00a0 \u00a0 \u00a0 \u00a0 \u00a0 \u00a0 \u00a0 \u00a0 \u00a0 \u00a0 \u00a0 \u00a0 \u00a0 \u00a0 \u00a0 \u00a0 \u00a0 \u00a0 \u00a0 \u00a0 \u00a0 \u00a0 \u00a0 \u00a0 \u00a0 \u00a0 \u00a0 \u00a0 \u00a0 \u00a0 \u00a0 \u00a0 \u00a0 \u00a0Via della Navicella, 12 \u2013 Roma<\/p>\n<p style=\"text-align: justify;\">Osservatorio Analitico informa che l&#8217;interessante corso di Alta Formazione \u201c<strong>Attacco alla mente: strategie e tecniche di disinformazione e guerra cognitiva. Una nuova sfida per l\u2019intelligence italiana<\/strong>\u201d, promosso dall\u2019<strong>Istituto Gino Germani<\/strong> <strong>di Scienze Sociali e Studi Strategici e dalla Societ\u00e0 Geografica Italiana, e Stroncature, come Media Partner<\/strong>, si svolger\u00e0 in presenza a Roma il 10-11-17-18 giugno (ore 9-18) con la partecipazione di autorevoli docenti italiani e stranieri.<\/p>\n<p style=\"text-align: justify;\">Il corso, che si svolger\u00e0 nell\u2019ambito della Scuola di Formazione in Intelligence e Analisi Strategica dell\u2019Istituto Germani, consentir\u00e0 ai partecipanti di approfondire la loro conoscenza delle strategie di disinformazione, deception (inganno) e guerra cognitiva perseguite da Stati ostili e attori non-statali eversivi al fine di influenzare e\/o destabilizzare le democrazie occidentali, con particolare riferimento ai rischi che ne derivano per la sicurezza nazionale italiana.<\/p>\n<p style=\"text-align: justify;\">Esso fornir\u00e0 una buona comprensione delle strategie e delle tattiche di disinformazione e guerra cognitiva attuate da grandi potenze autocratiche (in particolare Cina e Russia) e da organizzazioni terroristiche e movimenti estremisti.<\/p>\n<p style=\"text-align: justify;\">\u00a0Il corso, inoltre, discuter\u00e0 le linee-guida di una possibile strategia di difesa del Sistema-Paese nei confronti di attacchi cognitivi e campagne di disinformazione poste in essere da Stati esteri e attori non-statali, sia in tempi di pace che di crisi e di guerra.<\/p>\n<p style=\"text-align: justify;\">Infine, i corsisti potranno acquisire una pi\u00f9 approfondita conoscenza del ruolo che il comparto intelligence nazionale dovr\u00e0 assumere nelle attivit\u00e0 di contro-disinformazione e counterdeception, nonch\u00e9 di alcune tecniche di analisi d\u2019intelligence e pensiero critico utili a individuare azioni di guerra cognitiva.<\/p>\n<p style=\"text-align: justify;\">Al termine del corso i partecipanti riceveranno un Attestato di Partecipazione.\u00a0 Gli iscritti che desiderano ricevere una valutazione finale potranno consegnare un breve elaborato su un tema sviluppato durante il corso da concordare con la direzione scientifica.<\/p>\n<p style=\"text-align: justify;\">1] CALENDARIO DEL CORSO<\/p>\n<p style=\"text-align: justify;\"><u>Venerdi 10 giugno 2022<\/u> (ore 9:00-13:30)<\/p>\n<p style=\"text-align: justify;\"><strong>Introduzione al corso<\/strong>.\u00a0 Disinformazione e manipolazione delle percezioni: evoluzione della minaccia alla sicurezza nazionale e all\u2019ordine democratico.<\/p>\n<p style=\"text-align: justify;\"><em>Luigi Sergio Germani<\/em> (Direttore dell\u2019Istituto Gino Germani di Scienze Sociali e Studi Strategici e responsabile scientifico del corso).<\/p>\n<p style=\"text-align: justify;\"><strong>Introduzione alla guerra cognitiva<\/strong>: meccanismi psicologici, nuovi strumenti di manipolazione e applicazioni delle neuroscienze.<\/p>\n<p style=\"text-align: justify;\"><em>Marco Cannavicci<\/em> (Ufficiale medico psichiatra, esperto in tecniche HUMINT e sicurezza).<\/p>\n<p style=\"text-align: justify;\">\u00a0<strong>Sviluppi nelle neuroscienze e nelle neurotecnologie: nuove frontiere della cognitive warfare.<\/strong><\/p>\n<p style=\"text-align: justify;\"><em>Massimo Amorosi<\/em> (esperto di non-proliferazione CBRN e bio-sicurezza, gi\u00e0 consulente per il MAECI).<\/p>\n<p style=\"text-align: justify;\">\u00a0Venerdi 10 giugno 2022 (ore 14:30-18:00)<\/p>\n<p style=\"text-align: justify;\"><strong>Dalla disinformazione alla guerra cognitiva: casi-studio e scenari futuri.<\/strong><\/p>\n<p style=\"text-align: justify;\"><em>Giovanni Ramunno<\/em> (Generale dell\u2019Esercito e giornalista, gi\u00e0 consigliere militare per la comunicazione del Presidente del Comitato Militare dell\u2019Unione Europea).<\/p>\n<p style=\"text-align: justify;\"><strong>Il ruolo dei Servizi d\u2019intelligence nelle operazioni di deception strategica.<\/strong><\/p>\n<p style=\"text-align: justify;\"><em>Massimo Bontempi<\/em> (Questore, gi\u00e0 Direttore Centrale dell\u2019Immigrazione e della Polizia delle Frontiere).<\/p>\n<p style=\"text-align: justify;\"><u>Sabato 11 giugno 2022<\/u> (ore 9:00 \u2013 13:30)<\/p>\n<p style=\"text-align: justify;\"><strong>Analisi d\u2019intelligence, deception e counterdeception<\/strong>: le Agenzie d\u2019intelligence nel mirino della disinformazione.<\/p>\n<p style=\"text-align: justify;\"><em>Giulia Catracchia<\/em> (Ricercatrice in intelligence e politiche di sicurezza).<\/p>\n<p style=\"text-align: justify;\"><strong>Breve storia e teoria della intelligence deception e counterdeception<\/strong>.<\/p>\n<p style=\"text-align: justify;\"><em>Julian Richards<\/em> (Direttore del Center for Security and Intelligence Studies, University of Buckingham, gi\u00e0 funzionario dei Servizi d\u2019intelligence britannici).<\/p>\n<p style=\"text-align: justify;\"><strong>Ripensare la intelligence deception nel mondo cyber.<\/strong><\/p>\n<p style=\"text-align: justify;\"><em>Julian Richards <\/em><\/p>\n<p style=\"text-align: justify;\"><u>Sabato 11 giugno 2022 (ore 14:30 \u2013 18:00)<\/u><\/p>\n<p style=\"text-align: justify;\"><strong>Social media, echo-chambers, e operazioni di destabilizzazione delle democrazie<\/strong>.<\/p>\n<p style=\"text-align: justify;\"><em>Antonio Scala<\/em> (Istituto dei Sistemi Complessi, Consiglio Nazionale delle Ricerche, Roma).<\/p>\n<p style=\"text-align: justify;\"><strong>I social media come tecnologie di manipolazione.<\/strong><\/p>\n<p style=\"text-align: justify;\"><em>Alfredo Vinella<\/em> (Fondatore, Scenarya).<\/p>\n<p style=\"text-align: justify;\"><u>Venerdi 17 giugno 2022 (ore 9:00-13:30<\/u>)<\/p>\n<p style=\"text-align: justify;\"><strong>La disinformazione come strumento di guerra economica. Il ruolo dei servizi d\u2019 intelligence nella contro-disinformazione economico-finanziaria<\/strong>.<\/p>\n<p style=\"text-align: justify;\"><em>Paolo Costantini<\/em> (Generale della Guardia di Finanza, gi\u00e0 funzionario dei servizi di intelligence italiani, CEO Rotas Consulting \u2013 A Legal Intelligence Firm).<\/p>\n<p style=\"text-align: justify;\"><strong>La strategia russa di disinformazione e guerra cognitiva in Europa e in Italia: obiettivi, strumenti operativi e narrazioni ricorrenti<\/strong>.<\/p>\n<p style=\"text-align: justify;\"><em>Luigi Sergio Germani<\/em> (Direttore, Istituto Gino Germani di Scienze Sociali e Studi Strategici, Roma).<\/p>\n<p style=\"text-align: justify;\"><strong>Le campagne cognitive del Cremlino: metodologie e tecniche di disinformazione e manipolazione<\/strong>.<\/p>\n<p style=\"text-align: justify;\"><em>Massimiliano Di Pasquale<\/em> (Ricercatore e responsabile dell\u2019Osservatorio Ucraina, Istituto Gino Germani).<\/p>\n<p style=\"text-align: justify;\"><u>Venerdi 17 giugno 2022 (ore 14:30-18:00)<\/u><\/p>\n<p style=\"text-align: justify;\"><strong>Strategia e tecniche di disinformazione e guerra cognitiva dei movimenti jihadisti.<\/strong><\/p>\n<p style=\"text-align: justify;\"><em>Federico Borgonovo<\/em> (Ricercatore, ITSTIME-Italian Team for Security, Terroristic Issues &amp; Managing Emergencies, Universit\u00e0 Cattolica del Sacro Cuore).<\/p>\n<p style=\"text-align: justify;\"><strong>Strategia e tecniche di disinformazione e guerra cognitiva dei movimenti di estrema destra.<\/strong><\/p>\n<p style=\"text-align: justify;\"><em>Marco Zaliani<\/em> (Ricercatore, ITSTIME-Italian Team for Security, Terroristic Issues &amp; Managing Emergencies, Universit\u00e0 Cattolica del Sacro Cuore).<\/p>\n<p style=\"text-align: justify;\"><strong>Dibattito e brainstorming tra relatori e partecipanti: Verso una strategia di difesa del sistema-paese nel campo della disinformazione e della guerra cognitiva.<\/strong><\/p>\n<p style=\"text-align: justify;\">Coordinatore: <em>Giovanni Ferrari<\/em> (Esperto civile della NATO in analisi e gestione delle conseguenze, consulente della Difesa Civile italiana in pianificazioni civili di emergenza ed esercitazioni di crisi).<\/p>\n<p style=\"text-align: justify;\"><u>Sabato 18 giugno 2022 (ore 9:00 \u2013 13:30)<\/u><\/p>\n<p style=\"text-align: justify;\"><strong>Analisi delle operazioni cinesi di disinformazione e influenza occulta in Occidente.<\/strong><\/p>\n<p style=\"text-align: justify;\"><em>Nicholas Eftimiades<\/em> (Professore alla Penn State University Harrisburg, gi\u00e0 senior intelligence officer della Defense Intelligence Agency e technical operations officer della CIA).<\/p>\n<p style=\"text-align: justify;\"><strong>L\u2019influenza di Pechino sui media italiani e la manipolazione del dibattito pubblico in Italia.<\/strong><\/p>\n<p style=\"text-align: justify;\"><em>Giulia Pompili<\/em> (Esperta di Cina ed Estremo Oriente, Il Foglio).<\/p>\n<p style=\"text-align: justify;\"><u>Sabato 18 giugno 2022 (ore 14:30 \u2013 18:00)<\/u><\/p>\n<p style=\"text-align: justify;\"><strong>Tattiche e tecniche di disinformazione e manipolazione nel cyberspazio.<\/strong><\/p>\n<p style=\"text-align: justify;\"><em>Michele Colajanni<\/em> (Professore presso il Dipartimento di Informatica, Scienza e Ingegneria, Universit\u00e0 di Bologna).<\/p>\n<p style=\"text-align: justify;\"><strong>Comunicazione di crisi e contrasto alle campagne di disinformazione<\/strong>.<\/p>\n<p style=\"text-align: justify;\"><em>Ferruccio Di Paolo<\/em> (Esperto civile della NATO per la comunicazione di crisi, Componente del Gruppo di studio, ricerca e formazione per la comunicazione di crisi del Dipartimento dei Vigili del Fuoco, del Soccorso Pubblico e della Difesa Civile).<\/p>\n<p style=\"text-align: justify;\"><strong>Dibattito e brainstorming tra relatori e partecipanti: Verso una strategia di difesa del sistema-paese nel campo della disinformazione e della guerra cognitiva.<\/strong><\/p>\n<p style=\"text-align: justify;\">Coordinatori:<\/p>\n<p style=\"text-align: justify;\"><em>Roberto Di Nunzio<\/em> (giornalista e saggista, esperto di information warfare).<\/p>\n<p style=\"text-align: justify;\"><em>Ferruccio Di Paolo<\/em> (Esperto civile della NATO per la comunicazione di crisi).<\/p>\n<p style=\"text-align: justify;\">Video-lezioni:<\/p>\n<p style=\"text-align: justify;\"><strong>Guerra cognitiva e disinformazione: le strategie di Cina, Iran e organizzazioni jihadiste.<\/strong><\/p>\n<p style=\"text-align: justify;\"><em>Fran\u00e7ois G\u00e9r\u00e9<\/em> (Presidente dell\u2019Institut Fran\u00e7ais d\u2019Analyse Strat\u00e9gique, Parigi).<\/p>\n<p style=\"text-align: justify;\"><strong>Obiettivi e metodi della disinformazione in campo geopolitico: casi-studio della dezinformacija di Mosca e ruolo dei Servizi d&#8217;intelligence russi.<\/strong><\/p>\n<p style=\"text-align: justify;\"><em>Kevin Riehle<\/em> (Professore alla University of Mississippi, Center for Intelligence and Security Studies, gi\u00e0 analista di counterintelligence del governo degli Stati Uniti).<\/p>\n<p style=\"text-align: justify;\">Il costo del corso \u00e8 350 Euro + IVA. \u00c8 previsto uno sconto del 10% per appartenenti agli organismi di Sicurezza Nazionale, alle Forze di Polizia, alle Forze Armate, e per studenti universitari. \u00c8 previsto altres\u00ec uno sconto del 10%, non cumulativo, per coloro i quali hanno gi\u00e0 partecipato ai nostri precedenti corsi.<\/p>\n<p style=\"text-align: justify;\">Per informazioni e richieste di partecipazione occorre contattare:<\/p>\n<p style=\"text-align: justify;\">fondazionegermani@gmail.com<\/p>\n<p style=\"text-align: justify;\">Segreteria: 06-69480308\u00a0\u00a0 Cell.\/WhatsApp: 329-1644904<\/p>\n<p>&nbsp;<\/p>\n","protected":false},"excerpt":{"rendered":"<p>\u00a0 \u00a0 \u00a0 \u00a0 \u00a0 \u00a0 \u00a0 \u00a0 \u00a0 \u00a0 \u00a0 \u00a0 \u00a0 \u00a0 \u00a0 \u00a0 \u00a0 \u00a0 \u00a0 \u00a0 \u00a0 \u00a0 \u00a0 \u00a0 \u00a0 \u00a0 \u00a0 \u00a0 \u00a0 \u00a0 \u00a0 \u00a0 \u00a0 \u00a0 \u00a0 \u00a0 \u00a0 \u00a0 \u00a0 \u00a0Corso di Alta Formazione \u00a0 \u00a0 \u00a0 ATTACCO ALLA MENTE: STRATEGIE E TECNICHE DI DISINFORMAZIONE E [&hellip;]<\/p>\n","protected":false},"author":42,"featured_media":9822,"comment_status":"closed","ping_status":"closed","sticky":false,"template":"","format":"standard","meta":{"jetpack_post_was_ever_published":false,"jetpack_publicize_message":"","jetpack_is_tweetstorm":false,"jetpack_publicize_feature_enabled":true,"jetpack_social_post_already_shared":true,"jetpack_social_options":[]},"categories":[695,693],"tags":[4560],"jetpack_publicize_connections":[],"aioseo_notices":[],"jetpack_featured_media_url":"https:\/\/www.osservatorioanalitico.com\/wp-content\/uploads\/2021\/01\/Unknown.jpeg","jetpack_shortlink":"https:\/\/wp.me\/p4fe9l-2HE","jetpack_likes_enabled":true,"_links":{"self":[{"href":"https:\/\/www.osservatorioanalitico.com\/index.php?rest_route=\/wp\/v2\/posts\/10394"}],"collection":[{"href":"https:\/\/www.osservatorioanalitico.com\/index.php?rest_route=\/wp\/v2\/posts"}],"about":[{"href":"https:\/\/www.osservatorioanalitico.com\/index.php?rest_route=\/wp\/v2\/types\/post"}],"author":[{"embeddable":true,"href":"https:\/\/www.osservatorioanalitico.com\/index.php?rest_route=\/wp\/v2\/users\/42"}],"replies":[{"embeddable":true,"href":"https:\/\/www.osservatorioanalitico.com\/index.php?rest_route=%2Fwp%2Fv2%2Fcomments&post=10394"}],"version-history":[{"count":8,"href":"https:\/\/www.osservatorioanalitico.com\/index.php?rest_route=\/wp\/v2\/posts\/10394\/revisions"}],"predecessor-version":[{"id":10402,"href":"https:\/\/www.osservatorioanalitico.com\/index.php?rest_route=\/wp\/v2\/posts\/10394\/revisions\/10402"}],"wp:featuredmedia":[{"embeddable":true,"href":"https:\/\/www.osservatorioanalitico.com\/index.php?rest_route=\/wp\/v2\/media\/9822"}],"wp:attachment":[{"href":"https:\/\/www.osservatorioanalitico.com\/index.php?rest_route=%2Fwp%2Fv2%2Fmedia&parent=10394"}],"wp:term":[{"taxonomy":"category","embeddable":true,"href":"https:\/\/www.osservatorioanalitico.com\/index.php?rest_route=%2Fwp%2Fv2%2Fcategories&post=10394"},{"taxonomy":"post_tag","embeddable":true,"href":"https:\/\/www.osservatorioanalitico.com\/index.php?rest_route=%2Fwp%2Fv2%2Ftags&post=10394"}],"curies":[{"name":"wp","href":"https:\/\/api.w.org\/{rel}","templated":true}]}}