{"id":10358,"date":"2022-03-17T18:26:18","date_gmt":"2022-03-17T17:26:18","guid":{"rendered":"http:\/\/www.osservatorioanalitico.com\/?p=10358"},"modified":"2022-03-17T18:26:18","modified_gmt":"2022-03-17T17:26:18","slug":"linteresse-nazionale-tra-le-due-grandi-appartenenze-nato-e-ue-e-le-sfide-del-metaverso","status":"publish","type":"post","link":"https:\/\/www.osservatorioanalitico.com\/?p=10358","title":{"rendered":"L\u2019interesse nazionale tra le due grandi appartenenze NATO e UE e le sfide del metaverso"},"content":{"rendered":"<p><img decoding=\"async\" loading=\"lazy\" class=\"alignleft size-full wp-image-10362\" src=\"http:\/\/www.osservatorioanalitico.com\/wp-content\/uploads\/2022\/03\/Unknown.png\" alt=\"Unknown\" width=\"225\" height=\"225\" srcset=\"https:\/\/www.osservatorioanalitico.com\/wp-content\/uploads\/2022\/03\/Unknown.png 225w, https:\/\/www.osservatorioanalitico.com\/wp-content\/uploads\/2022\/03\/Unknown-150x150.png 150w, https:\/\/www.osservatorioanalitico.com\/wp-content\/uploads\/2022\/03\/Unknown-200x200.png 200w\" sizes=\"(max-width: 225px) 100vw, 225px\" \/><\/p>\n<p style=\"text-align: justify;\">Alessandro Politi, direttore del NATO Defense College Foundation, ha tenuto una lezione nell\u2019ambito del Master in Intelligence dell\u2019Universit\u00e0 della Calabria diretto da Mario Caligiuri.<\/p>\n<p style=\"text-align: justify;\">Politi ha esordito dicendo che parlava a titolo personale e non della NATO o delle sue agenzie, stati membri o partner.<\/p>\n<p style=\"text-align: justify;\">Ha affermato che il ciclo dell\u2019intelligence non \u00e8 lineare o vuoto come nei casi scuola, perch\u00e9 vi sono molti cortocircuiti tra differenti fasi (decisione, direzione della ricerca, ricerca, analisi, preparazione del prodotto) e perch\u00e9 l\u2019asse intorno al quale ruota \u00e8 la decisione politica. Ha cos\u00ec chiarito che il decisore politico non \u00e8 un cliente (il quale acquista un prodotto in serie), ma un committente che richiede e necessita di un prodotto su misura.<\/p>\n<p style=\"text-align: justify;\">Il professore ha quindi definito il decisore politico come un incrocio tra interessi nazionali, personali, politici e di lungo termine tra i quali \u00e8 necessario trovare un equilibrio, interrogandosi sui destinatari delle sue scelte.<\/p>\n<p style=\"text-align: justify;\">Ha quindi fornito, tra le molte esistenti, una definizione di intelligence intesa come \u201csfera del sapere e un sottosistema di potere, il cui scopo \u00e8 la ricerca, la raccolta e l\u2019analisi di informazioni pertinenti per assistere il decisore\u201d. \u00c8 dunque un sapere, non un\u2019opinione o una percezione o un sentimento, che per\u00f2 deve essere realizzato nel risultato finale in un prodotto breve, chiaro e predittivo.<\/p>\n<p style=\"text-align: justify;\">Interessante, a questo riguardo, il rapporto fra politica, scienza, intelligenza e info ops durante la pandemia in corso.<\/p>\n<p style=\"text-align: justify;\">Alessandro Politi ha poi esaminato, come esempio, la modalit\u00e0 di comunicazione dell&#8217;intelligence in ambito politico, facendo riferimento al rapporto del Copasir sulla politica energetica, che \u00e8 solo testo, e sarebbe stato pi\u00f9 leggibile con l&#8217;ausilio ausilio di eventuali grafici e tabelle, e alla relazione del DIS del 2020 che, a suo avviso, non assegna la priorit\u00e0 ai vari settori di intervento, riportando di anno in anno quasi gli stessi capitoli. Successivamente, considerato l&#8217;impatto politico delle piattaforme che non \u00e8 neutro.&#8221; la sospensione &#8211; ha fermato Politi &#8211; di Trump da Twitter \u00e8 un <em>vulnus<\/em> costituzionale molto grave a prescindere dai punti di vista del singolo politico&#8221;.<\/p>\n<p style=\"text-align: justify;\">Si \u00e8 cos\u00ec soffermato sul <em>Facebook Protect<\/em> che intende proteggere gli attivisti e le figure pubbliche dalla penetrazione informatica, solo che questa protezione non \u00e8 richiesta e che pu\u00f2, sotto certi aspetti, rappresentare una forma di profilazione non commerciale e quindi di &#8220;schedatura politica&#8221;.<\/p>\n<p style=\"text-align: justify;\">Politi ha poi illustrato i concetti di geopolitica e geoeconomia, definendo l&#8217;una come &#8220;la proiezione consapevole di un progetto politico su uno spazio geografico&#8221;, e l&#8217;altra come\u00a0 la &#8220;proiezione consapevole di un progetto economico su uno spazio geografico&#8221;.<\/p>\n<p style=\"text-align: justify;\">Si \u00e8\u00a0 soffermato sul rapporto tra interesse nazionale e NATO e Unione Europea.<\/p>\n<p style=\"text-align: justify;\">Mentre in astratto la definizione dell&#8217;interesse nazionale \u00e8 chiara e il processo di definizione \u00e8 istituzionale, nella realt\u00e0 sono spesso i gruppi di pressione a determinare di fatto l&#8217;interesse nazionale, per cui pi\u00f9 questi sono organizzati pi\u00f9 sono in grado di definirlo. &#8220;L&#8217;interesse nazionale &#8211; ha chiarito Politi &#8211; comunque \u00e8 difficile da dipanare in qualsiasi paese&#8221;.<\/p>\n<p style=\"text-align: justify;\">&#8220;Non \u00e8 vero &#8211; ha precisato il docente &#8211; che dalla fine della seconda guerra mondiale l&#8217;Italia non abbia avuto un interesse nazionale. Ha seguito due linee strategiche molto chiare: l&#8217;ancoraggio atlantico e europeo e la diversificazione delle fonti energetiche da cui approvvigionarsi, anticipando quello che sarebbe stato poi definito Neo-atlantismo (essenzialmente la continuit\u00e0 dopo un&#8217;apparente parentesi meno allineata)&#8221;. Questo interesse avuto come terza componente come pilastro portante il sistema delle partecipazioni statali, senza le quali il &#8220;miracolo italiano&#8221; sarebbe stato impossibile e che ha costruito con mezzi pubblici un&#8217;infrastruttura economica che nessun privato avrebbe potuto e voluto evoluto realizzare.<\/p>\n<p style=\"text-align: justify;\">Politi poi ha evidenziato dove pu\u00f2 essere rinvenuto l&#8217;interesse nazionale e lo ha collegato con la qualit\u00e0 di formazione della classe dirigente e di chi la assiste. Tra gli interessi nazionali, quello europeo e quello della Nato, vi sono aspetti convergenti e divergenti. Nelle crisi tradizionali esso \u00e8 convergente, mentre nella gestione dell&#8217;economia e della concorrenza commerciale esso \u00e8 spesso divergente, anche dopo l&#8217;intermezzo della presidenza passata.<\/p>\n<p style=\"text-align: justify;\">Il problema dell&#8217;Unione Europea \u00e8 che manca di una forte linea politica, a organi di peso diseguale\u00a0 (la Commissione ha perso molto potere e l&#8217;Europarlamento \u00e8 meno rilevante di quanto desiderabile, mentre il livello intergovernativo \u00e8 ormai dominante), e nella gestione della crisi \u00e8 relativamente modesta, anche se invece \u00e8 un peso massimo del settore economico e commerciale.<\/p>\n<p style=\"text-align: justify;\">La Nato invece \u00e8 concentrata nelle sue missioni di sicurezza e difesa, ma rischia (come la Commissione) una forte burocratizzazione per mancanza di sufficiente impulso politico.<\/p>\n<p style=\"text-align: justify;\">Alla fine il docente si \u00e8 concentrato sull&#8217;interesse geo economico italiano, spiegando come le eccellenze italiane si affermino sul mercato globale spesso senza intervento pubblico, nonostante la retorica corrente. &#8220;Sul digitale &#8211; ha affermato &#8211; non siamo abbastanza attrezzati e propositivi rispetto alla sfida delle grandi ditte transnazionali, nonostante i notevoli passi fatti in avanti come la definizione del perimetro di sicurezza nazionale informatica e la creazione dell&#8217;agenzia per la Cyber sicurezza nazionale&#8221;.<\/p>\n<p style=\"text-align: justify;\">Infine, il docente ha posto il tema del metaverso che \u00e8 l&#8217;integrazione totale del mondo virtuale con quello fisico. Si \u00e8 posto l&#8217;interrogativo su chi gestisca il metaverso, visto che per ora \u00e8 controllato da chi realizza e amministra la piattaforma, e se riuscir\u00e0 a diventare uno strumento di conoscenza oppure di condizionamento.<\/p>\n<p style=\"text-align: justify;\">Su questo tema l&#8217;interesse nazionale \u00e8 ancora assai indefinito, mentre deve continuare non solo a trovare un punto di equilibrio tra Unione Europea e Nato, ma anche aumentare il suo peso in queste due essenziali istituzioni.<\/p>\n<p>\u00a9www.osservatorioanalitico.com \u2013 Riproduzione riservata<\/p>\n<p>&nbsp;<\/p>\n","protected":false},"excerpt":{"rendered":"<p>Alessandro Politi, direttore del NATO Defense College Foundation, ha tenuto una lezione nell\u2019ambito del Master in Intelligence dell\u2019Universit\u00e0 della Calabria diretto da Mario Caligiuri. Politi ha esordito dicendo che parlava a titolo personale e non della NATO o delle sue agenzie, stati membri o partner. Ha affermato che il ciclo dell\u2019intelligence non \u00e8 lineare o [&hellip;]<\/p>\n","protected":false},"author":1,"featured_media":10362,"comment_status":"closed","ping_status":"closed","sticky":false,"template":"","format":"standard","meta":{"jetpack_post_was_ever_published":false,"jetpack_publicize_message":"","jetpack_is_tweetstorm":false,"jetpack_publicize_feature_enabled":true,"jetpack_social_post_already_shared":true,"jetpack_social_options":[]},"categories":[695,1516,693],"tags":[],"jetpack_publicize_connections":[],"aioseo_notices":[],"jetpack_featured_media_url":"https:\/\/www.osservatorioanalitico.com\/wp-content\/uploads\/2022\/03\/Unknown.png","jetpack_shortlink":"https:\/\/wp.me\/p4fe9l-2H4","jetpack_likes_enabled":true,"_links":{"self":[{"href":"https:\/\/www.osservatorioanalitico.com\/index.php?rest_route=\/wp\/v2\/posts\/10358"}],"collection":[{"href":"https:\/\/www.osservatorioanalitico.com\/index.php?rest_route=\/wp\/v2\/posts"}],"about":[{"href":"https:\/\/www.osservatorioanalitico.com\/index.php?rest_route=\/wp\/v2\/types\/post"}],"author":[{"embeddable":true,"href":"https:\/\/www.osservatorioanalitico.com\/index.php?rest_route=\/wp\/v2\/users\/1"}],"replies":[{"embeddable":true,"href":"https:\/\/www.osservatorioanalitico.com\/index.php?rest_route=%2Fwp%2Fv2%2Fcomments&post=10358"}],"version-history":[{"count":4,"href":"https:\/\/www.osservatorioanalitico.com\/index.php?rest_route=\/wp\/v2\/posts\/10358\/revisions"}],"predecessor-version":[{"id":10363,"href":"https:\/\/www.osservatorioanalitico.com\/index.php?rest_route=\/wp\/v2\/posts\/10358\/revisions\/10363"}],"wp:featuredmedia":[{"embeddable":true,"href":"https:\/\/www.osservatorioanalitico.com\/index.php?rest_route=\/wp\/v2\/media\/10362"}],"wp:attachment":[{"href":"https:\/\/www.osservatorioanalitico.com\/index.php?rest_route=%2Fwp%2Fv2%2Fmedia&parent=10358"}],"wp:term":[{"taxonomy":"category","embeddable":true,"href":"https:\/\/www.osservatorioanalitico.com\/index.php?rest_route=%2Fwp%2Fv2%2Fcategories&post=10358"},{"taxonomy":"post_tag","embeddable":true,"href":"https:\/\/www.osservatorioanalitico.com\/index.php?rest_route=%2Fwp%2Fv2%2Ftags&post=10358"}],"curies":[{"name":"wp","href":"https:\/\/api.w.org\/{rel}","templated":true}]}}