{"id":10346,"date":"2022-03-04T16:08:48","date_gmt":"2022-03-04T15:08:48","guid":{"rendered":"http:\/\/www.osservatorioanalitico.com\/?p=10346"},"modified":"2022-03-05T17:17:06","modified_gmt":"2022-03-05T16:17:06","slug":"corso-its-intelligence-e-data-science","status":"publish","type":"post","link":"https:\/\/www.osservatorioanalitico.com\/?p=10346","title":{"rendered":"Corso ITS &#8220;Intelligence e Data Science&#8221;"},"content":{"rendered":"<p><img decoding=\"async\" loading=\"lazy\" class=\"alignleft size-full wp-image-10322\" src=\"http:\/\/www.osservatorioanalitico.com\/wp-content\/uploads\/2022\/01\/images.jpeg\" alt=\"images\" width=\"315\" height=\"160\" \/><\/p>\n<p><strong>Una notizia interessante. Un nuovo corso di studi poco conosciuto.<\/strong><\/p>\n<p>Gli ITS sono degli <strong>Istituti Pubblici<\/strong> per l\u2019istruzione post-diploma che consentono, alla fine di un percorso biennale, di conseguire un Diploma del <strong>V livello EQF<\/strong>, riconosciuto in ambito europeo, previo superamento dell\u2019Esame di Stato finale.<\/p>\n<p>Presso questo ITS \u00e8 in atto un corso per \u201c<em>Tecnico Superiore per Intelligence e Data Science per la Logistica<\/em>\u201d, il cui Direttore Scientifico \u00e8 il Prof. Mario Caligiuri. Il Corso \u00e8 attualmente in Europa l\u2019unico percorso ITS su tali argomenti e che rappresenta il primo anello della filiera formativa \u201c<em>Intelligence<\/em>\u201d.<\/p>\n<p>Tale corso viene tenuto, sostanzialmente, in Didattica a Distanza e parte delle ore potranno essere sviluppate in modalit\u00e0 asincrona.<\/p>\n<p>C\u2019\u00e8 la possibilit\u00e0, ancora per pochissimo tempo, di iscriversi a tale corso e pertanto mi fa piacere segnalarlo\u00a0 a chi potesse essere interessato tale opportunit\u00e0. Ulteriori informazioni potranno essere reperite sul sito all\u2019indirizzo <a href=\"http:\/\/www.itspegasus.it\/\">www.itspegasus.it<\/a><\/p>\n<p>Per poter eventualmente inoltrare l\u2019istanza di iscrizione: all\u2019indirizzo mail <a href=\"mailto:iscrizioni@itspegasus.it\">iscrizioni@itspegasus.it<\/a><\/p>\n<p>Di seguito\u00a0 un prospetto il link di riepilogo dei moduli didattici.<\/p>\n<p>Il corso \u00e8 iniziato ma ci sar\u00e0 la possibilit\u00e0 di recuperare quanto gi\u00e0 sviluppato nei diversi moduli.<\/p>\n<p>Purtroppo i tempi per l\u2019inserimento di nuovi corsisti \u00e8 abbastanza limitato ma ci sono ancora possibilit\u00e0.<\/p>\n<p>Avendo letto i moduli dell&#8217;insegnamento, mi sembra un progetto molto interessante.<\/p>\n<p><a href=\"http:\/\/www.osservatorioanalitico.com\/wp-content\/uploads\/2022\/03\/2022-03-03-Riepilogo-Moduli-Intelligence-1.pdf\">2022-03-03 Riepilogo Moduli Intelligence<\/a><\/p>\n<p>&nbsp;<\/p>\n<p><img decoding=\"async\" loading=\"lazy\" class=\"wp-image-10355 aligncenter\" src=\"http:\/\/www.osservatorioanalitico.com\/wp-content\/uploads\/2022\/03\/20220305_171232-470x405.jpeg\" alt=\"20220305_171232\" width=\"719\" height=\"620\" srcset=\"https:\/\/www.osservatorioanalitico.com\/wp-content\/uploads\/2022\/03\/20220305_171232-470x405.jpeg 470w, https:\/\/www.osservatorioanalitico.com\/wp-content\/uploads\/2022\/03\/20220305_171232-232x200.jpeg 232w, https:\/\/www.osservatorioanalitico.com\/wp-content\/uploads\/2022\/03\/20220305_171232-768x661.jpeg 768w, https:\/\/www.osservatorioanalitico.com\/wp-content\/uploads\/2022\/03\/20220305_171232-300x258.jpeg 300w\" sizes=\"(max-width: 719px) 100vw, 719px\" \/><\/p>\n<p>Logo dell&#8217;ITS<\/p>\n<p><img decoding=\"async\" loading=\"lazy\" class=\"alignleft size-full wp-image-10348\" src=\"http:\/\/www.osservatorioanalitico.com\/wp-content\/uploads\/2022\/03\/image001.jpg\" alt=\"image001\" width=\"159\" height=\"210\" srcset=\"https:\/\/www.osservatorioanalitico.com\/wp-content\/uploads\/2022\/03\/image001.jpg 159w, https:\/\/www.osservatorioanalitico.com\/wp-content\/uploads\/2022\/03\/image001-151x200.jpg 151w\" sizes=\"(max-width: 159px) 100vw, 159px\" \/><\/p>\n","protected":false},"excerpt":{"rendered":"<p>Una notizia interessante. Un nuovo corso di studi poco conosciuto. Gli ITS sono degli Istituti Pubblici per l\u2019istruzione post-diploma che consentono, alla fine di un percorso biennale, di conseguire un Diploma del V livello EQF, riconosciuto in ambito europeo, previo superamento dell\u2019Esame di Stato finale. Presso questo ITS \u00e8 in atto un corso per \u201cTecnico [&hellip;]<\/p>\n","protected":false},"author":1,"featured_media":0,"comment_status":"closed","ping_status":"closed","sticky":false,"template":"","format":"standard","meta":{"jetpack_post_was_ever_published":false,"jetpack_publicize_message":"","jetpack_is_tweetstorm":false,"jetpack_publicize_feature_enabled":true,"jetpack_social_post_already_shared":true,"jetpack_social_options":[]},"categories":[695,693],"tags":[4550],"jetpack_publicize_connections":[],"aioseo_notices":[],"jetpack_featured_media_url":"","jetpack_shortlink":"https:\/\/wp.me\/p4fe9l-2GS","jetpack_likes_enabled":false,"_links":{"self":[{"href":"https:\/\/www.osservatorioanalitico.com\/index.php?rest_route=\/wp\/v2\/posts\/10346"}],"collection":[{"href":"https:\/\/www.osservatorioanalitico.com\/index.php?rest_route=\/wp\/v2\/posts"}],"about":[{"href":"https:\/\/www.osservatorioanalitico.com\/index.php?rest_route=\/wp\/v2\/types\/post"}],"author":[{"embeddable":true,"href":"https:\/\/www.osservatorioanalitico.com\/index.php?rest_route=\/wp\/v2\/users\/1"}],"replies":[{"embeddable":true,"href":"https:\/\/www.osservatorioanalitico.com\/index.php?rest_route=%2Fwp%2Fv2%2Fcomments&post=10346"}],"version-history":[{"count":4,"href":"https:\/\/www.osservatorioanalitico.com\/index.php?rest_route=\/wp\/v2\/posts\/10346\/revisions"}],"predecessor-version":[{"id":10356,"href":"https:\/\/www.osservatorioanalitico.com\/index.php?rest_route=\/wp\/v2\/posts\/10346\/revisions\/10356"}],"wp:attachment":[{"href":"https:\/\/www.osservatorioanalitico.com\/index.php?rest_route=%2Fwp%2Fv2%2Fmedia&parent=10346"}],"wp:term":[{"taxonomy":"category","embeddable":true,"href":"https:\/\/www.osservatorioanalitico.com\/index.php?rest_route=%2Fwp%2Fv2%2Fcategories&post=10346"},{"taxonomy":"post_tag","embeddable":true,"href":"https:\/\/www.osservatorioanalitico.com\/index.php?rest_route=%2Fwp%2Fv2%2Ftags&post=10346"}],"curies":[{"name":"wp","href":"https:\/\/api.w.org\/{rel}","templated":true}]}}