{"id":10213,"date":"2021-12-10T11:41:37","date_gmt":"2021-12-10T10:41:37","guid":{"rendered":"http:\/\/www.osservatorioanalitico.com\/?p=10213"},"modified":"2021-12-10T11:41:37","modified_gmt":"2021-12-10T10:41:37","slug":"intelligence-e-immaginazione","status":"publish","type":"post","link":"https:\/\/www.osservatorioanalitico.com\/?p=10213","title":{"rendered":"Intelligence e immaginazione\u2026"},"content":{"rendered":"<p>&nbsp;<\/p>\n<p><img decoding=\"async\" loading=\"lazy\" class=\"alignleft size-full wp-image-10216\" src=\"http:\/\/www.osservatorioanalitico.com\/wp-content\/uploads\/2021\/12\/Unknown-1.jpeg\" alt=\"Unknown-1\" width=\"284\" height=\"177\" srcset=\"https:\/\/www.osservatorioanalitico.com\/wp-content\/uploads\/2021\/12\/Unknown-1.jpeg 284w, https:\/\/www.osservatorioanalitico.com\/wp-content\/uploads\/2021\/12\/Unknown-1-280x175.jpeg 280w\" sizes=\"(max-width: 284px) 100vw, 284px\" \/> <img decoding=\"async\" loading=\"lazy\" class=\"alignleft size-full wp-image-10217\" src=\"http:\/\/www.osservatorioanalitico.com\/wp-content\/uploads\/2021\/12\/images.jpeg\" alt=\"images\" width=\"275\" height=\"183\" \/><\/p>\n<p><em>Iniziamo con una sintesi della lezione di Robert G\u00f6relick al Master in intelligence dell\u2019Universit\u00e0 di Calabria la serie di queste lezioni l\u00ec tenute, sempre per sintesi.<\/em><\/p>\n<p><em>Il Direttore Scientifico: Maria Gabriella Pasqualini<\/em><\/p>\n<p>Tema della lezione: \u201cIntelligence nel XXI secolo: tra clima, pandemie e rischi nucleari\u201d nel corso del Master in Intelligence dell\u2019Universit\u00e0 della Calabria diretto da Mario Caligiuri. tenuta da<\/p>\n<p>da Robert G\u00f6relick, Capo centro della CIA in Italia dal 2003 al 2008.<\/p>\n<p>Il docente ha evidenziato la grande trasformazione che ha subito l\u2019intelligence in questo secolo in cui \u00e8 cambiato tutto, tenendo conto che l\u2019intelligence \u00e8 una materia molto vasta e ha ricordato i vari tipi di intelligence: da quello da fonti aperte a quello da fonte umana.<\/p>\n<p>\u201cI cambiamenti che si sono verificati nel XXI secolo sono profondamente intrecciati \u2013 ha sostenuto G\u00f6relick \u2013 e possono essere rappresentati da due elementi fondamentali: negli eventi dell\u201911 settembre e nella potente trasformazione tecnologica. Prima dell\u201911 settembre gli obiettivi erano statali con priorit\u00e0 di carattere politico, in quanto ci si muoveva nella cornice della Guerra fredda che da poco si era aperta alla globalizzazione. Dopo l\u201911 settembre gli Stati si sono concentrati sulla lotta al terrorismo e sulla controproliferazione\u201d.<\/p>\n<p>\u201cOggi- ha ribadito &#8211; occorre trasformare l\u2019informazione in prodotto di intelligence. Mentre prima si impiegava molto tempo per la raccolta di informazioni, adesso ci si concentra sull\u2019analisi. Quindi bisogna pensare da adesso alle caratteristiche degli operatori che devono avere coperture adeguate alle operazioni speciali. L\u2019impegno principale dell\u2019intelligence da sempre \u00e8 quello di rubare segreti, poich\u00e9 bisogna capire le intenzioni dell\u2019avversario\u201d.<\/p>\n<p>Per G\u00f6relick \u00a0\u201dl\u2019intelligence \u00e8 interazione tra discipline diverse e occorre andare verso l\u2019integrazione delle competenze e non la separazione e da responsabile della CIA ho cercato di fondere l\u2019attivit\u00e0 di operatore e analista\u201d.<\/p>\n<p>Ha poi ricordato che \u201cil 90-95% di tutte le informazioni si trova sulla rete. Il problema \u00e8 saperle legare, saper unire i punti\u201d.<\/p>\n<p>\u201cOggi \u2013 ha sottolineato G\u00f6relick &#8211; l\u2019intelligence nazionale \u00e8 pi\u00f9 tattica che strategica in un contesto che richiederebbe pi\u00f9 strategia che tatticismo. I cambiamenti per\u00f2 sono talmente veloci che risulta difficile orientarsi in questa direzione. \u00c8 indispensabile per\u00f2 operare per avere informazioni strategiche di lungo periodo che consentono di pianificare. L\u2019intelligence nel futuro deve lavorare in modo diverso, integrando tutte le tecnologie e deve interagire con il settore privato per dare pi\u00f9 importanza al controspionaggio\u201d.<\/p>\n<p>Si \u00e8 infine soffermato sulla riorganizzazione dei Servizi. Ha rilevato una tendenza alla centralizzazione che uccide l\u2019immaginazione. Se l\u2019intelligence \u00e8 soprattutto un lavoro di creativit\u00e0 e immaginazione, la burocrazia annulla queste necessarie capacit\u00e0. \u201cPi\u00f9 che centralizzazione occorre invece coordinazione, perch\u00e9 aumenta l\u2019immaginazione. Ma per cambiare l\u2019organizzazione occorre dare vita, all\u2019interno dell\u2019intelligence, a una cultura che incoraggi l\u2019immaginazione e la creativit\u00e0: meno burocrazia ma pi\u00f9 inventiva, anche perch\u00e9 il futuro dell\u2019intelligence richiede pi\u00f9 collaborazione tra operatori e analisti\u201d.<\/p>\n<p><strong>\u00a0<\/strong><\/p>\n<p>&nbsp;<\/p>\n<p>&nbsp;<\/p>\n<p>&nbsp;<\/p>\n","protected":false},"excerpt":{"rendered":"<p>Intelligence e immaginazione\u2026<\/p>\n","protected":false},"author":1,"featured_media":10216,"comment_status":"closed","ping_status":"closed","sticky":false,"template":"","format":"standard","meta":{"jetpack_post_was_ever_published":false,"jetpack_publicize_message":"","jetpack_is_tweetstorm":false,"jetpack_publicize_feature_enabled":true,"jetpack_social_post_already_shared":true,"jetpack_social_options":[]},"categories":[695,1516,1291],"tags":[4526,4525],"jetpack_publicize_connections":[],"aioseo_notices":[],"jetpack_featured_media_url":"https:\/\/www.osservatorioanalitico.com\/wp-content\/uploads\/2021\/12\/Unknown-1.jpeg","jetpack_shortlink":"https:\/\/wp.me\/p4fe9l-2EJ","jetpack_likes_enabled":true,"_links":{"self":[{"href":"https:\/\/www.osservatorioanalitico.com\/index.php?rest_route=\/wp\/v2\/posts\/10213"}],"collection":[{"href":"https:\/\/www.osservatorioanalitico.com\/index.php?rest_route=\/wp\/v2\/posts"}],"about":[{"href":"https:\/\/www.osservatorioanalitico.com\/index.php?rest_route=\/wp\/v2\/types\/post"}],"author":[{"embeddable":true,"href":"https:\/\/www.osservatorioanalitico.com\/index.php?rest_route=\/wp\/v2\/users\/1"}],"replies":[{"embeddable":true,"href":"https:\/\/www.osservatorioanalitico.com\/index.php?rest_route=%2Fwp%2Fv2%2Fcomments&post=10213"}],"version-history":[{"count":2,"href":"https:\/\/www.osservatorioanalitico.com\/index.php?rest_route=\/wp\/v2\/posts\/10213\/revisions"}],"predecessor-version":[{"id":10218,"href":"https:\/\/www.osservatorioanalitico.com\/index.php?rest_route=\/wp\/v2\/posts\/10213\/revisions\/10218"}],"wp:featuredmedia":[{"embeddable":true,"href":"https:\/\/www.osservatorioanalitico.com\/index.php?rest_route=\/wp\/v2\/media\/10216"}],"wp:attachment":[{"href":"https:\/\/www.osservatorioanalitico.com\/index.php?rest_route=%2Fwp%2Fv2%2Fmedia&parent=10213"}],"wp:term":[{"taxonomy":"category","embeddable":true,"href":"https:\/\/www.osservatorioanalitico.com\/index.php?rest_route=%2Fwp%2Fv2%2Fcategories&post=10213"},{"taxonomy":"post_tag","embeddable":true,"href":"https:\/\/www.osservatorioanalitico.com\/index.php?rest_route=%2Fwp%2Fv2%2Ftags&post=10213"}],"curies":[{"name":"wp","href":"https:\/\/api.w.org\/{rel}","templated":true}]}}