{"id":10138,"date":"2021-09-09T11:01:15","date_gmt":"2021-09-09T10:01:15","guid":{"rendered":"http:\/\/www.osservatorioanalitico.com\/?p=10138"},"modified":"2021-09-09T11:01:15","modified_gmt":"2021-09-09T10:01:15","slug":"master-in-intelligence-nelluniversita-della-calabria","status":"publish","type":"post","link":"https:\/\/www.osservatorioanalitico.com\/?p=10138","title":{"rendered":"Master in Intelligence nell&#8217;universit\u00e0 della Calabria"},"content":{"rendered":"<p><strong>Intelligence, Aperte le iscrizioni al Master dell&#8217;Universit\u00e0 della Calabria, promosso nel 2007 con Francesco Cossiga. Le domande scadono il 30 ottobre. Lezioni tutte on Line.<\/strong><\/p>\n<p>Rende (7.9.2021) &#8211; Aperte le iscrizioni all\u2019undicesima edizione del Master in Intelligence dell\u2019Universit\u00e0 della Calabria, diretto da Mario Caligiuri e promosso nel 2007 grazie al sostegno del Presidente Emerito della Repubblica Francesco Cossiga. Per partecipare occorre presentare domanda online sul sito dell\u2019Universit\u00e0 della Calabria. La domanda di ammissione \u00e8 al seguente link<br \/>\nhttps:\/\/unical.esse3.cineca.it\/Home.do<br \/>\ne la guida alla compilazione a questo altro link<br \/>\nhttps:\/\/www.unical.it\/portale\/ateneo\/amministrazione\/aree\/uocsdfpl\/sdfpl\/ammissione2122<br \/>\nPer eventuali difficolt\u00e0 nella compilazione del bando telefonare al numero 347 5889962.<br \/>\nIl bando scade il 30 ottobre 2021.<br \/>\nIl master potr\u00e0 essere interamente seguito in modalit\u00e0 streaming cio\u00e8 a distanza tramite le piattaforme e-learning interattive dell\u2019ateneo calabrese.<br \/>\nLa prima lezione si terr\u00e0 sabato e il percorso formativo si concluder\u00e0 con la discussione della tesi finale a dicembre 2022.<br \/>\nLe lezioni frontali si svolgeranno da novembre 2021 a maggio 2022 nella giornata di sabato dalle ore 9 alle ore 18 (pausa dalle 13 alle 14).<br \/>\nPossono presentare domanda laureati del vecchio ordinamento (4 anni) e con la laurea magistrale (5 anni) in qualunque disciplina .<br \/>\nLa quota di iscrizione \u00e8 di \u20ac 3.000 (tremila).<br \/>\nPer gli appartenenti alle forze di polizia \u00e8 prevista una riduzione del 30% per cui l\u2019importo \u00e8 \u20ac 2.100.<br \/>\nSono previste 4 borse di studio da parte dell&#8217;INPS.<br \/>\nAl termine del ciclo delle lezioni, \u00e8 previsto un Laboratorio di Cyber intelligence che si svilupper\u00e0 in 5 giornate consecutive (da luned\u00ec a venerd\u00ec) con lo svolgimento di seminari e laboratori, d\u2019intesa anche con NTT Data e il Dipartimento di Ingegneria Informatica dell\u2019Universit\u00e0 della Calabria.<br \/>\nInoltre andranno svolte 300 ore di stages in strutture convenzionate che nelle precedenti edizioni si sono tenute presso istituzioni pubbliche e societ\u00e0 private, tra le quali ENI, ENEL, Sky ed NTT Data.<br \/>\nCome in ogni edizione, i docenti saranno professori universitari ed esperti italiani del settore. Nelle edizioni precedenti sono intervenuti, tra gli altri, i ministri Paolo Savona, Giulio Tremonti e Marco Minniti; il presidente della camera dei Deputati Luciano Violante; i Direttori dei Servizi Franco Gabrielli, Vittorio Stelo, Luigi Ramponi, Nicol\u00f2 Pollari e Gennaro Vecchione; i Direttori delle Scuole dei Servizi Mario Maccono, Maurizio Navarra e Paolo Scotto di Castelbianco; l\u2019agente della CIA Robert Gorelick; i professori Domenico De Masi, Alessandro Barbero, Antonio F. Uricchio, Roberto Baldoni, Alberto De Toni, Evgeny Morozov, Derrick De Kerckhove, Roberto Cingolani, Paolo Benanti, Giorgio Galli, Andrea De Guttry, Antonio Baldassarre, Umberto Gori, Umberto Broccoli e Antonio Teti; i prefetti Carlo Mosca, Marco Valentini e Luigi Varratta; i generali Fabio Mini e Carlo Jean; i giornalisti Lucio Caracciolo, Paolo Messa, Massimo Franco e Andrea Cangini; i magistrati Nicola Gratteri, Rosario Priore, Giuseppe Pignatone, Stefano Dambruoso e Mario Spagnuolo; l&#8217;ambasciatore Michele Valensise; i funzionari dello Stato Roberto Riccardi, Nunzia Ciardi, Alessandro Ferrara, Adriana Piancastelli e Giuseppe Scandone; i dirigenti della sicurezza di multinazionali Alfio Rapisarda e Alberto Accardi.<br \/>\nPer qualunque informazione ci si pu\u00f2 rivolgere al Direttore del Master Mario Caligiuri al cellulare 337 980189 oppure mario.caligiuri@unical.it.<\/p>\n","protected":false},"excerpt":{"rendered":"<p>Master in Intelligence. Universit\u00e0 di Calabria.<\/p>\n","protected":false},"author":42,"featured_media":0,"comment_status":"closed","ping_status":"closed","sticky":false,"template":"","format":"standard","meta":{"jetpack_post_was_ever_published":false,"jetpack_publicize_message":"","jetpack_is_tweetstorm":false,"jetpack_publicize_feature_enabled":true,"jetpack_social_post_already_shared":true,"jetpack_social_options":[]},"categories":[695],"tags":[4504],"jetpack_publicize_connections":[],"aioseo_notices":[],"jetpack_featured_media_url":"","jetpack_shortlink":"https:\/\/wp.me\/p4fe9l-2Dw","jetpack_likes_enabled":false,"_links":{"self":[{"href":"https:\/\/www.osservatorioanalitico.com\/index.php?rest_route=\/wp\/v2\/posts\/10138"}],"collection":[{"href":"https:\/\/www.osservatorioanalitico.com\/index.php?rest_route=\/wp\/v2\/posts"}],"about":[{"href":"https:\/\/www.osservatorioanalitico.com\/index.php?rest_route=\/wp\/v2\/types\/post"}],"author":[{"embeddable":true,"href":"https:\/\/www.osservatorioanalitico.com\/index.php?rest_route=\/wp\/v2\/users\/42"}],"replies":[{"embeddable":true,"href":"https:\/\/www.osservatorioanalitico.com\/index.php?rest_route=%2Fwp%2Fv2%2Fcomments&post=10138"}],"version-history":[{"count":5,"href":"https:\/\/www.osservatorioanalitico.com\/index.php?rest_route=\/wp\/v2\/posts\/10138\/revisions"}],"predecessor-version":[{"id":10143,"href":"https:\/\/www.osservatorioanalitico.com\/index.php?rest_route=\/wp\/v2\/posts\/10138\/revisions\/10143"}],"wp:attachment":[{"href":"https:\/\/www.osservatorioanalitico.com\/index.php?rest_route=%2Fwp%2Fv2%2Fmedia&parent=10138"}],"wp:term":[{"taxonomy":"category","embeddable":true,"href":"https:\/\/www.osservatorioanalitico.com\/index.php?rest_route=%2Fwp%2Fv2%2Fcategories&post=10138"},{"taxonomy":"post_tag","embeddable":true,"href":"https:\/\/www.osservatorioanalitico.com\/index.php?rest_route=%2Fwp%2Fv2%2Ftags&post=10138"}],"curies":[{"name":"wp","href":"https:\/\/api.w.org\/{rel}","templated":true}]}}