{"id":10078,"date":"2021-05-16T16:44:50","date_gmt":"2021-05-16T15:44:50","guid":{"rendered":"http:\/\/www.osservatorioanalitico.com\/?p=10078"},"modified":"2021-05-16T16:46:38","modified_gmt":"2021-05-16T15:46:38","slug":"i_week-la-settimana-dellintelligence","status":"publish","type":"post","link":"https:\/\/www.osservatorioanalitico.com\/?p=10078","title":{"rendered":"I_week&#8230;.la settimana dell&#8217;intelligence"},"content":{"rendered":"<p>&nbsp;<\/p>\n<p><img decoding=\"async\" loading=\"lazy\" class=\"aligncenter size-large wp-image-10081\" src=\"http:\/\/www.osservatorioanalitico.com\/wp-content\/uploads\/2021\/05\/dd2efad1-4501-4b29-b9f0-78991780e155-1-1-580x277.png\" alt=\"dd2efad1-4501-4b29-b9f0-78991780e155-1\" width=\"580\" height=\"277\" srcset=\"https:\/\/www.osservatorioanalitico.com\/wp-content\/uploads\/2021\/05\/dd2efad1-4501-4b29-b9f0-78991780e155-1-1-580x277.png 580w, https:\/\/www.osservatorioanalitico.com\/wp-content\/uploads\/2021\/05\/dd2efad1-4501-4b29-b9f0-78991780e155-1-1-280x134.png 280w, https:\/\/www.osservatorioanalitico.com\/wp-content\/uploads\/2021\/05\/dd2efad1-4501-4b29-b9f0-78991780e155-1-1-768x367.png 768w, https:\/\/www.osservatorioanalitico.com\/wp-content\/uploads\/2021\/05\/dd2efad1-4501-4b29-b9f0-78991780e155-1-1-300x143.png 300w, https:\/\/www.osservatorioanalitico.com\/wp-content\/uploads\/2021\/05\/dd2efad1-4501-4b29-b9f0-78991780e155-1-1.png 961w\" sizes=\"(max-width: 580px) 100vw, 580px\" \/><\/p>\n<p>Inizia luned\u00ec 17 maggio la settimana dell&#8217;intelligence, con riunioni da remoto perch\u00e9 non \u00e8 stato possibile organizzare riunioni in presenza e quindi tutto webinar via web.<\/p>\n<p>Si tratta di una settimana ricca di eventi che cercheranno di di studiare quelle che sono le problematiche attuali di una intelligence che non \u00e8 applicata solo al mondo militare ma ora soprattutto a un mondo economico e finanziario. \u00c8 evidente che siamo in una fase di transizione molto importante e che occorrerebbe essere\u00a0 all&#8217;avanguardia, se non possibile, essere almeno al passo di quelli che sono i cambiamenti che la tecnologia attuale ci propone e per i quali dobbiamo attrezzarci con il meglio delle nostre competenze intellettive, organizzative e soprattutto statali e del mondo imprenditoriale e della finanza.<\/p>\n<p>E&#8217; indubbiamente una rivoluzione epocale e soprattutto globale, perch\u00e9 le emergenze, quando ci sono, sono anche sanitarie ambientali e di sicurezza.<\/p>\n<p>L&#8217;intelligenza in una declinazione contemporanea sar\u00e0 studiata sotto vari punti di vista da specialisti del settore, con stimoli e riflessioni di grande importanza.<\/p>\n<p>In una prima fascia mattutina dal luned\u00ec 17 maggio al venerd\u00ec 21, alle 11 saranno analizzate varie problematiche in sessioni tecniche e seminari, dalla digitalizzazione delle operazioni militari al data protection e al deep web; dal valore dell&#8217;intelligence sui dati nel processo di trasformazione digitale all&#8217;ultima frontiera del pensiero, neurint. Una prima fascia del pomeriggio dar\u00e0 le cosiddette pillole di saggezza e cio\u00e8 si parler\u00e0 della tassonomia dello spionaggio, dell&#8217;intelligenza artificiale, della cyber security e della&#8230;bio intelligence. Una seconda fascia pomeridiana passer\u00e0 a presentare libri di esperti del settore, facili da trovare in libreria e alcuni meno facili\u00a0da ottenere. Una seconda fascia fascia serale presenter\u00e0 problematiche di cultura e letteratura: la scomparsa di Emanuela Orlandi, la testimonianza di un ex membro del Mossad; i cinque casi di hackeraggi pi\u00f9 eclatanti del secolo e altri argomenti di notevole interesse generale.<\/p>\n<p>Il sito della settimana \u00e8:\u00a0https:\/\/i-week.it\/\u00a0 per il programma completo.<\/p>\n<p>Da questo sito\u00a0 ci si pu\u00f2 iscrivere per i singoli eventi.<\/p>\n<p>Sono membri del Comitato Scientifico:<\/p>\n<div class=\"page\" title=\"Page 4\">\n<div class=\"section\">\n<div class=\"layoutArea\">\n<div class=\"column\">\n<div class=\"page\" title=\"Page 4\">\n<div class=\"section\">\n<div class=\"layoutArea\">\n<div class=\"column\">\n<div class=\"page\" title=\"Page 4\">\n<div class=\"section\">\n<div class=\"layoutArea\">\n<div class=\"column\">\n<p><strong>Maria Gabriella Pasqualini<\/strong>, <strong>Presidente,<\/strong> Storica e Docente universitario, gi\u00e0 Scuola Ufficiali Carabinieri<\/p>\n<\/div>\n<\/div>\n<\/div>\n<\/div>\n<p><strong>Pietro Batacchi,<\/strong> Direttore RID<br \/>\n<strong>Giorgio Battisti,<\/strong> Generale di Corpo d&#8217;Armata (Aus.)<\/p>\n<p><strong>Mario Caligiuri,<\/strong> Docente, Esperto di Intelligence e Sicurezza<\/p>\n<p><strong>Marco Carnelos,<\/strong> CEO MC Geopolicy<br \/>\n<strong>Marco Cuzzi,<\/strong> Docente<br \/>\n<strong>Giovanni Fasanella<\/strong>, Giornalista e Saggista<br \/>\n<strong>Enrica Garzilli<\/strong>, Storica e Docente<br \/>\n<strong>Aldo Giannuli,<\/strong> Storico e Docente<br \/>\n<strong>Stefano Mele<\/strong>, Avvocato e Esperto di Cyber Security<\/p>\n<p><strong>Nicola Pedde<\/strong>, Direttore IGS<br \/>\n<strong>Paolo Quercia,\u00a0<\/strong>Professore di Sistemi di intelligence<\/p>\n<p><strong>Umberto Saccone,<\/strong> Presidente Ifi Advisory<br \/>\n<strong>Sandro Teti<\/strong>, Editore e Analista geopolitico<br \/>\n<strong>Sergio Vento<\/strong>, Ambasciatore e Presidente V&amp;A<\/p>\n<p><strong>Alessandro Venturi,<\/strong> Presidente IRCSS Policlinico San Matteo<\/p>\n<p><strong>Marianna Vintiadis<\/strong>, Esperta di Corporate Intelligence<\/p>\n<\/div>\n<\/div>\n<\/div>\n<\/div>\n<\/div>\n<\/div>\n<\/div>\n<\/div>\n<p>Aspettiamo con piacere tutti coloro che siano interessati a queste problematiche molto attuali.<\/p>\n<p>&nbsp;<\/p>\n<p>&nbsp;<\/p>\n<p>&nbsp;<\/p>\n","protected":false},"excerpt":{"rendered":"<p>&nbsp; Inizia luned\u00ec 17 maggio la settimana dell&#8217;intelligence, con riunioni da remoto perch\u00e9 non \u00e8 stato possibile organizzare riunioni in presenza e quindi tutto webinar via web. Si tratta di una settimana ricca di eventi che cercheranno di di studiare quelle che sono le problematiche attuali di una intelligence che non \u00e8 applicata solo al [&hellip;]<\/p>\n","protected":false},"author":42,"featured_media":10079,"comment_status":"closed","ping_status":"closed","sticky":false,"template":"","format":"standard","meta":{"jetpack_post_was_ever_published":false,"jetpack_publicize_message":"","jetpack_is_tweetstorm":false,"jetpack_publicize_feature_enabled":true,"jetpack_social_post_already_shared":true,"jetpack_social_options":[]},"categories":[1516,1515],"tags":[4487],"jetpack_publicize_connections":[],"aioseo_notices":[],"jetpack_featured_media_url":"https:\/\/www.osservatorioanalitico.com\/wp-content\/uploads\/2021\/05\/dd2efad1-4501-4b29-b9f0-78991780e155-1.png","jetpack_shortlink":"https:\/\/wp.me\/p4fe9l-2Cy","jetpack_likes_enabled":true,"_links":{"self":[{"href":"https:\/\/www.osservatorioanalitico.com\/index.php?rest_route=\/wp\/v2\/posts\/10078"}],"collection":[{"href":"https:\/\/www.osservatorioanalitico.com\/index.php?rest_route=\/wp\/v2\/posts"}],"about":[{"href":"https:\/\/www.osservatorioanalitico.com\/index.php?rest_route=\/wp\/v2\/types\/post"}],"author":[{"embeddable":true,"href":"https:\/\/www.osservatorioanalitico.com\/index.php?rest_route=\/wp\/v2\/users\/42"}],"replies":[{"embeddable":true,"href":"https:\/\/www.osservatorioanalitico.com\/index.php?rest_route=%2Fwp%2Fv2%2Fcomments&post=10078"}],"version-history":[{"count":5,"href":"https:\/\/www.osservatorioanalitico.com\/index.php?rest_route=\/wp\/v2\/posts\/10078\/revisions"}],"predecessor-version":[{"id":10086,"href":"https:\/\/www.osservatorioanalitico.com\/index.php?rest_route=\/wp\/v2\/posts\/10078\/revisions\/10086"}],"wp:featuredmedia":[{"embeddable":true,"href":"https:\/\/www.osservatorioanalitico.com\/index.php?rest_route=\/wp\/v2\/media\/10079"}],"wp:attachment":[{"href":"https:\/\/www.osservatorioanalitico.com\/index.php?rest_route=%2Fwp%2Fv2%2Fmedia&parent=10078"}],"wp:term":[{"taxonomy":"category","embeddable":true,"href":"https:\/\/www.osservatorioanalitico.com\/index.php?rest_route=%2Fwp%2Fv2%2Fcategories&post=10078"},{"taxonomy":"post_tag","embeddable":true,"href":"https:\/\/www.osservatorioanalitico.com\/index.php?rest_route=%2Fwp%2Fv2%2Ftags&post=10078"}],"curies":[{"name":"wp","href":"https:\/\/api.w.org\/{rel}","templated":true}]}}